{"id":11322,"date":"2022-12-29T07:46:39","date_gmt":"2022-12-29T10:46:39","guid":{"rendered":"https:\/\/blogs.correiobraziliense.com.br\/capital-sa\/?p=11322"},"modified":"2022-12-29T07:46:39","modified_gmt":"2022-12-29T10:46:39","slug":"reserva-de-viagens-para-brasilia-aumenta-com-a-posse-de-lula","status":"publish","type":"post","link":"https:\/\/blogs.correiobraziliense.com.br\/capital-sa\/2022\/12\/29\/reserva-de-viagens-para-brasilia-aumenta-com-a-posse-de-lula\/","title":{"rendered":"Reserva de viagens para Bras\u00edlia aumenta com a posse de Lula"},"content":{"rendered":"<p><strong>Coluna Capital S\/A, por Ana Dubeux (interina)<\/strong><\/p>\n<p>A posse de Lula provocou um aumento de, ao menos, 10% nas reservas de viagens para Bras\u00edlia pela Buser em dezembro, na compara\u00e7\u00e3o com novembro. A maioria dos passageiros da startup sair\u00e1 de Belo Horizonte (MG), S\u00e3o Paulo, Goi\u00e2nia (GO), Uberl\u00e2ndia (MG) e Campinas (SP).<\/p>\n<p>No balan\u00e7o de 2022, Bras\u00edlia foi o 6\u00ba destino mais procurado pelos viajantes da Buser. A capital federal ficou atr\u00e1s de S\u00e3o Paulo, Belo Horizonte (MG), Rio de Janeiro, Vit\u00f3ria (ES) e Campinas (SP) no ranking de destinos da plataforma.<\/p>\n<h3>Marolinha de otimismo<\/h3>\n<p>O com\u00e9rcio do DF encerra o ano em festa. Motivos: crescimento de 3,2% no acumulado das vendas de janeiro a outubro, na compara\u00e7\u00e3o com igual per\u00edodo de 2021, atribu\u00eddos \u00e0 manuten\u00e7\u00e3o do Aux\u00edlio Brasil em R$ 600, o adicional de R$ 150 por crian\u00e7a at\u00e9 6 anos e a perspectiva de aumento da inten\u00e7\u00e3o de compras para 2023. &#8220;\u00c9 claro que infla\u00e7\u00e3o nos preocupa e n\u00e3o conseguimos ter um horizonte claro de redu\u00e7\u00e3o das taxas de juros&#8221;, diz Wagner Silveira J\u00fanior, presidente da C\u00e2mara de Dirigentes Lojistas do DF. E acrescenta: &#8220;Considerando uma boa dose de cautela com esse cen\u00e1rio, n\u00e3o podemos falar em onda de otimismo. Por enquanto, ficamos na marolinha&#8221;.<\/p>\n<p><strong>Doutorado-sanduiche no exterior<br \/>\n<\/strong>Candidatos t\u00eam at\u00e9 13 de mar\u00e7o para se inscrever no Programa Institucional de Doutorado-Sanduiche no Exterior (PDSE). O processo de sele\u00e7\u00e3o interno dos doutorandos ser\u00e1 realizado pelas institui\u00e7\u00f5es de ensino superior. O investimento previsto pela Capes \u00e9 de at\u00e9 R$113,6 milh\u00f5es para financiamento de at\u00e9 2.035 bolsas. Os benef\u00edcios durar\u00e3o de seis a 10 meses. O interessado deve realizar a inscri\u00e7\u00e3o no formul\u00e1rio on-line dispon\u00edvel em: inscricao.capes.gov.br\/#\/dashboard, dentro dos prazos estabelecidos pelo edital.<\/p>\n<p><strong>\u201cRespirando, transpirando e imergindo na S\u00e9tima Arte\u201d<\/strong><br \/>\nEmplacando duas d\u00e9cadas de mercado, a S\u00e9tima Produ\u00e7\u00f5es Culturais carrega know-how em seu DNA na realiza\u00e7\u00e3o, curadoria e produ\u00e7\u00e3o de eventos. Especializada em mostras e festivais de cinema, a empresa atua tamb\u00e9m em projetos que unem audiovisual, educa\u00e7\u00e3o, interatividade e outras artes. Criada pela empreendedora Ana Arruda, 39 anos, a S\u00e9tima se destaca por seus projetos imersivos em realidade virtual, com a exibi\u00e7\u00e3o e co-produ\u00e7\u00e3o de filmes e conte\u00fados diversos realizados em 360\u00ba. O mais recente destaque foi o Festival Curta Bras\u00edlia, com o Espa\u00e7o CVRTA VR, ambiente exclusivo para levar o p\u00fablico \u00e0 principal inova\u00e7\u00e3o no mundo do audiovisual e do entretenimento: o cinema imersivo.<\/p>\n<p><strong>Luz, c\u00e2mera, a\u00e7\u00e3o e entretenimento<\/strong><br \/>\nA S\u00e9tima Produ\u00e7\u00f5es j\u00e1 firmou parcerias de peso em pa\u00edses como Holanda, Fran\u00e7a, Dinamarca e Estados Unidos, que resultaram em participa\u00e7\u00e3o em grandes eventos, como Festival de Cannes, M\u00e1laga, Transmedia Hollywood e VR Days, posicionando a empresa como refer\u00eancia na elabora\u00e7\u00e3o de projetos, trazendo o que h\u00e1 de mais recente no universo da arte, cinema e entretenimento. Produtora, curadora e programadora, com experi\u00eancia em mais de 50 mostras e festivais de cinema no Brasil e em outros pa\u00edses, Ana Arruda nasceu no seio de uma fam\u00edlia que sempre valorizou a arte e a cultura, tendo sua inf\u00e2ncia regada a refer\u00eancias nordestinas e de S\u00e3o Paulo, onde coabita.<\/p>\n<p><strong>E foi assim\u2026<\/strong><br \/>\nTudo come\u00e7ou na adolesc\u00eancia, no final dos anos 80, no gr\u00eamio estudantil do col\u00e9gio Sigma, onde participou da cria\u00e7\u00e3o do Festival da Meia D\u00fazia, que desfiava os alunos a produzir v\u00eddeos de at\u00e9 6 minutos. J\u00e1 na Universidade Cat\u00f3lica, onde cursou jornalismo, partiu para seu primeiro est\u00e1gio, representando Bras\u00edlia no Circuito BR Movimento, da Petrobras. Aos 17 anos, criou o primeiro n\u00facleo do CRTV, passando a cobrir e realizar document\u00e1rios do Festival de Bras\u00edlia do Cinema Brasileiro.<\/p>\n<p><strong>Mundo real ao virtual<\/strong><br \/>\nNo \u201cplano-sequ\u00eancia\u201d, em 2016, decidiu ganhar o mundo para ver e viver de perto eventos grandiosos, como o Festival de Cannes, na Fran\u00e7a, e outros de \u201cnarrativa transm\u00eddia e imersiva\u201d. Por fim, Ana Arruda se dedica de corpo e alma \u00e0 Mostra CVR, criada para ser um ponto de encontro do Curta Bras\u00edlia, um metaverso pr\u00f3prio do festival, realizada de forma totalmente on-line e gratuita. Nela, o p\u00fablico tem a possibilidade de acessar uma plataforma digital exclusiva e assistir a filmes 360 e 2D, al\u00e9m de debates com realizadores brasileiros e internacionais. A mostra conta com patroc\u00ednio da Embaixada do Reino dos Pa\u00edses Baixos e da Embaixada da Fran\u00e7a e apoio da Embaixada da Espanha, em parceria com o Instituto Cultural da Dinamarca. \u201cBras\u00edlia \u00e9 um terreno f\u00e9rtil para inova\u00e7\u00f5es. Antes mesmo de nascer, essa cidade j\u00e1 era pra frente\u201d, diz.<\/p>\n<p><strong>Perfil de sucesso na agroind\u00fastria<\/strong><br \/>\nA produtora rural do DF Rute Maria Gontijo tem v\u00e1rios motivos para celebrar a chegada do ano-novo. Como muitas mulheres, ela desempenha as fun\u00e7\u00f5es de m\u00e3e, av\u00f3, dona de casa e se tornou, ainda, empreendedora de sucesso. Ao lado do marido, Roberval Gontijo, investiu numa agroind\u00fastria que precisava ter a gest\u00e3o alavancada. Com esfor\u00e7o, planejamento e apoio dos consultores do Sebrae no DF, alcan\u00e7ou crescimento de 40% no primeiro ano. A Agroind\u00fastria Machadinho entrega, no setor de hortifruti dos supermercados, as verduras higienizadas e os legumes picados, prontos para colocar na panela. A empresa \u00e9 100% familiar, tocada pelo casal, os dois filhos e as duas noras. Este ano, a trajet\u00f3ria de Rute foi reconhecida: ela estava entre as 15 finalistas do Pr\u00eamio Sebrae Mulher de Neg\u00f3cios 2022. \u201cEu me senti valorizada, reconhecida por tudo o que fa\u00e7o aqui dentro da agroind\u00fastria\u201d, celebrou.<\/p>\n<p><strong>Bem-estar nas companhias<\/strong><br \/>\nA pesquisa Panorama do bem-estar corporativo 2022, estudo realizado pelo Gympass, maior plataforma de bem-estar corporativo do mundo, mostra que que 79% dos colaboradores pensariam em deixar uma empresa que n\u00e3o prioriza o bem-estar, 86% consideram o bem-estar t\u00e3o importante quanto o sal\u00e1rio e 30% n\u00e3o acreditam que suas companhias e gestores se preocupam com o tema. Outro dado do levantamento: 22% dos entrevistados classificam seu bem-estar como \u201cmuito ruim\u201d, \u201cruim\u201d ou \u201cpoderia melhorar\u201d, e 22% sentem que, por conta do trabalho, n\u00e3o t\u00eam tempo de cuidar do bem-estar. Por outro lado, 90% dos respondentes disseram que tenderiam a permanecer em um cargo se a empresa priorizasse o tema. O resultado considera apenas colaboradores de empresas com 10 a 500 funcion\u00e1rios.<\/p>\n<p>18%<br \/>\nIbaneis Rocha informa \u00e0 coluna que vai manter a al\u00edquota sobre os combust\u00edveis<\/p>\n","protected":false},"excerpt":{"rendered":"<p>A posse de Lula provocou um aumento de, ao menos, 10% nas reservas de viagens para Bras\u00edlia pela Buser em dezembro, na compara\u00e7\u00e3o com novembro<\/p>\n","protected":false},"author":125,"featured_media":11323,"comment_status":"open","ping_status":"open","sticky":false,"template":"","format":"standard","meta":{"footnotes":""},"categories":[6],"tags":[1165,333,1733,10,72],"class_list":["post-11322","post","type-post","status-publish","format-standard","has-post-thumbnail","hentry","category-coluna-capital-s-a","tag-lula","tag-turismo","tag-buser","tag-comercio","tag-ibaneis-rocha"],"_links":{"self":[{"href":"https:\/\/blogs.correiobraziliense.com.br\/capital-sa\/wp-json\/wp\/v2\/posts\/11322","targetHints":{"allow":["GET"]}}],"collection":[{"href":"https:\/\/blogs.correiobraziliense.com.br\/capital-sa\/wp-json\/wp\/v2\/posts"}],"about":[{"href":"https:\/\/blogs.correiobraziliense.com.br\/capital-sa\/wp-json\/wp\/v2\/types\/post"}],"author":[{"embeddable":true,"href":"https:\/\/blogs.correiobraziliense.com.br\/capital-sa\/wp-json\/wp\/v2\/users\/125"}],"replies":[{"embeddable":true,"href":"https:\/\/blogs.correiobraziliense.com.br\/capital-sa\/wp-json\/wp\/v2\/comments?post=11322"}],"version-history":[{"count":1,"href":"https:\/\/blogs.correiobraziliense.com.br\/capital-sa\/wp-json\/wp\/v2\/posts\/11322\/revisions"}],"predecessor-version":[{"id":11324,"href":"https:\/\/blogs.correiobraziliense.com.br\/capital-sa\/wp-json\/wp\/v2\/posts\/11322\/revisions\/11324"}],"wp:featuredmedia":[{"embeddable":true,"href":"https:\/\/blogs.correiobraziliense.com.br\/capital-sa\/wp-json\/wp\/v2\/media\/11323"}],"wp:attachment":[{"href":"https:\/\/blogs.correiobraziliense.com.br\/capital-sa\/wp-json\/wp\/v2\/media?parent=11322"}],"wp:term":[{"taxonomy":"category","embeddable":true,"href":"https:\/\/blogs.correiobraziliense.com.br\/capital-sa\/wp-json\/wp\/v2\/categories?post=11322"},{"taxonomy":"post_tag","embeddable":true,"href":"https:\/\/blogs.correiobraziliense.com.br\/capital-sa\/wp-json\/wp\/v2\/tags?post=11322"}],"curies":[{"name":"wp","href":"https:\/\/api.w.org\/{rel}","templated":true}]}}