{"id":11291,"date":"2022-12-27T13:57:31","date_gmt":"2022-12-27T16:57:31","guid":{"rendered":"https:\/\/blogs.correiobraziliense.com.br\/capital-sa\/?p=11291"},"modified":"2023-01-05T11:02:55","modified_gmt":"2023-01-05T14:02:55","slug":"valter-casimiro-e-confirmado-na-secretaria-de-transporte-do-df","status":"publish","type":"post","link":"https:\/\/blogs.correiobraziliense.com.br\/capital-sa\/2022\/12\/27\/valter-casimiro-e-confirmado-na-secretaria-de-transporte-do-df\/","title":{"rendered":"Valter Casimiro \u00e9 confirmado na Secretaria de Transporte do DF"},"content":{"rendered":"<p class=\"p1\"><b>Por Samanta Sallum<\/b><\/p>\n<p class=\"p1\"><span class=\"s1\">Mais um nome foi confirmado no secretariado do GDF para o pr\u00f3ximo mandato de Ibaneis Rocha. Ele disse ao <b>Correio<\/b> que Valter Casimiro permanecer\u00e1 \u00e0 frente da Secretaria de Transporte e Mobilidade Urbana.<\/span><\/p>\n<p class=\"p1\"><span class=\"s1\">Ibaneis destacou que o secret\u00e1rio de Transporte ter\u00e1 como desafios a expans\u00e3o do metr\u00f4, a constru\u00e7\u00e3o do BRT Norte, o aumento do n\u00famero de ciclovias, constru\u00e7\u00e3o de novas rodovi\u00e1rias, entre outros projetos pensados para a mobilidade urbana.<\/span><\/p>\n<p>A perman\u00eancia de Casimiro contempla o Uni\u00e3o Brasil e o Republicanos. Dois partidos que, segundo o pr\u00f3prio Ibaneis, foram importantes para sua reelei\u00e7\u00e3o. E tamb\u00e9m pelo trabalho que vem desempenhando.<\/p>\n<p>O secret\u00e1rio comp\u00f5e o grupo pol\u00edtico da vitoriosa coliga\u00e7\u00e3o formada pelos partidos Republicanos e Uni\u00e3o Brasil. No Distrito Federal, as duas legendas elegeram uma forte bancada.<\/p>\n<p class=\"p1\"><span class=\"s1\">O Republicanos elegeu a senadora Damares Alves, tr\u00eas dos oito deputados federais do DF (Fred Linhares, J\u00falio C\u00e9sar Ribeiro e Gilvan M\u00e1ximo) e o deputado distrital Martins Machado. J\u00e1 o Uni\u00e3o Brasil reelegeu o tamb\u00e9m distrital Eduardo Pedrosa. Somados, os eleitos obtiveram 1.031.599 votos. <\/span><\/p>\n<p class=\"p1\"><span class=\"s1\">Casimiro \u00e9 um dos secret\u00e1rios que est\u00e3o ao lado de Ibaneis Rocha desde o in\u00edcio da primeira gest\u00e3o, assumindo o posto em 2019. <\/span><\/p>\n<p>&nbsp;<\/p>\n","protected":false},"excerpt":{"rendered":"<p>Por Samanta Sallum Mais um nome foi confirmado no secretariado do GDF para o pr\u00f3ximo mandato de Ibaneis Rocha. Ele disse ao Correio que Valter Casimiro permanecer\u00e1 \u00e0 frente da Secretaria de Transporte e Mobilidade Urbana. Ibaneis destacou que o secret\u00e1rio de Transporte ter\u00e1 como desafios a expans\u00e3o do metr\u00f4, a constru\u00e7\u00e3o do BRT Norte, o aumento do n\u00famero de [&hellip;]<\/p>\n","protected":false},"author":125,"featured_media":11294,"comment_status":"open","ping_status":"open","sticky":false,"template":"","format":"standard","meta":{"footnotes":""},"categories":[6],"tags":[332,1739,70],"class_list":["post-11291","post","type-post","status-publish","format-standard","has-post-thumbnail","hentry","category-coluna-capital-s-a","tag-df","tag-secretariadetransporte","tag-ibaneis"],"_links":{"self":[{"href":"https:\/\/blogs.correiobraziliense.com.br\/capital-sa\/wp-json\/wp\/v2\/posts\/11291","targetHints":{"allow":["GET"]}}],"collection":[{"href":"https:\/\/blogs.correiobraziliense.com.br\/capital-sa\/wp-json\/wp\/v2\/posts"}],"about":[{"href":"https:\/\/blogs.correiobraziliense.com.br\/capital-sa\/wp-json\/wp\/v2\/types\/post"}],"author":[{"embeddable":true,"href":"https:\/\/blogs.correiobraziliense.com.br\/capital-sa\/wp-json\/wp\/v2\/users\/125"}],"replies":[{"embeddable":true,"href":"https:\/\/blogs.correiobraziliense.com.br\/capital-sa\/wp-json\/wp\/v2\/comments?post=11291"}],"version-history":[{"count":13,"href":"https:\/\/blogs.correiobraziliense.com.br\/capital-sa\/wp-json\/wp\/v2\/posts\/11291\/revisions"}],"predecessor-version":[{"id":11354,"href":"https:\/\/blogs.correiobraziliense.com.br\/capital-sa\/wp-json\/wp\/v2\/posts\/11291\/revisions\/11354"}],"wp:featuredmedia":[{"embeddable":true,"href":"https:\/\/blogs.correiobraziliense.com.br\/capital-sa\/wp-json\/wp\/v2\/media\/11294"}],"wp:attachment":[{"href":"https:\/\/blogs.correiobraziliense.com.br\/capital-sa\/wp-json\/wp\/v2\/media?parent=11291"}],"wp:term":[{"taxonomy":"category","embeddable":true,"href":"https:\/\/blogs.correiobraziliense.com.br\/capital-sa\/wp-json\/wp\/v2\/categories?post=11291"},{"taxonomy":"post_tag","embeddable":true,"href":"https:\/\/blogs.correiobraziliense.com.br\/capital-sa\/wp-json\/wp\/v2\/tags?post=11291"}],"curies":[{"name":"wp","href":"https:\/\/api.w.org\/{rel}","templated":true}]}}