{"id":11225,"date":"2022-12-22T14:03:17","date_gmt":"2022-12-22T17:03:17","guid":{"rendered":"https:\/\/blogs.correiobraziliense.com.br\/capital-sa\/?p=11225"},"modified":"2022-12-22T14:32:35","modified_gmt":"2022-12-22T17:32:35","slug":"cnc-celebra-alckmin-no-mdic-integro-honesto-e-decente","status":"publish","type":"post","link":"https:\/\/blogs.correiobraziliense.com.br\/capital-sa\/2022\/12\/22\/cnc-celebra-alckmin-no-mdic-integro-honesto-e-decente\/","title":{"rendered":"CNC celebra Alckmin no Mdic: \u201c\u00edntegro, honesto e decente\u201d"},"content":{"rendered":"<p class=\"p1\"><b>Por Samanta Sallum\u00a0<\/b><\/p>\n<p>O presidente da Confedera\u00e7\u00e3o Nacional do Com\u00e9rcio de Bens, Servi\u00e7os e Turismo (CNC), Jos\u00e9 Roberto Tadros, j\u00e1 se pronunciou em rela\u00e7\u00e3o ao an\u00fancio de recria\u00e7\u00e3o do Minist\u00e9rio do Desenvolvimento, Ind\u00fastria e Com\u00e9rcio Exterior (Mdic) e da\u00a0 escolha de Geraldo Alckmin para comandar o \u00f3rg\u00e3o.<\/p>\n<p class=\"p1\"><span class=\"s1\">\u201cAl\u00e9m de ser um pol\u00edtico \u00edntegro, honesto e decente, tem \u00f3tima interlocu\u00e7\u00e3o com os setores produtivos, em especial com os empres\u00e1rios do com\u00e9rcio de bens, servi\u00e7os e turismo, que representam 75% do PIB\u201d, afirmou Tadros.<\/span><\/p>\n<p class=\"p1\"><span class=\"s1\">A entidade entendeu o an\u00fancio de Lula, para o setor, como sinaliza\u00e7\u00e3o do presidente eleito de que as pautas empresariais ter\u00e3o relev\u00e2ncia em seu mandato.<\/span><\/p>\n<p class=\"p1\"><span class=\"s1\">Tadros, no entanto, aponta que o futuro minist\u00e9rio ter\u00e1 que dispor de autonomia, de poder e de recursos necess\u00e1rios para fazer frente \u00e0s necessidades setoriais que dever\u00e3o incluir prov\u00e1veis desonera\u00e7\u00f5es de impostos, incentivos e acesso a cr\u00e9dito.<\/span><\/p>\n<p class=\"p1\"><span class=\"s1\">\u201c\u00c9 importante tamb\u00e9m que seja inclu\u00eddo e valorizado o setor de servi\u00e7os, um dos que mais sofreram com a pandemia e que se v\u00ea amea\u00e7ado com expressivo aumento de carga tribut\u00e1ria em propostas tramitando no Congresso Nacional\u201d, refor\u00e7ou o presidente do CNC.<\/span><\/p>\n","protected":false},"excerpt":{"rendered":"<p>Por Samanta Sallum\u00a0 O presidente da Confedera\u00e7\u00e3o Nacional do Com\u00e9rcio de Bens, Servi\u00e7os e Turismo (CNC), Jos\u00e9 Roberto Tadros, j\u00e1 se pronunciou em rela\u00e7\u00e3o ao an\u00fancio de recria\u00e7\u00e3o do Minist\u00e9rio do Desenvolvimento, Ind\u00fastria e Com\u00e9rcio Exterior (Mdic) e da\u00a0 escolha de Geraldo Alckmin para comandar o \u00f3rg\u00e3o. \u201cAl\u00e9m de ser um pol\u00edtico \u00edntegro, honesto e decente, tem \u00f3tima interlocu\u00e7\u00e3o com [&hellip;]<\/p>\n","protected":false},"author":125,"featured_media":11228,"comment_status":"open","ping_status":"open","sticky":false,"template":"","format":"standard","meta":{"footnotes":""},"categories":[6],"tags":[],"class_list":["post-11225","post","type-post","status-publish","format-standard","has-post-thumbnail","hentry","category-coluna-capital-s-a"],"_links":{"self":[{"href":"https:\/\/blogs.correiobraziliense.com.br\/capital-sa\/wp-json\/wp\/v2\/posts\/11225","targetHints":{"allow":["GET"]}}],"collection":[{"href":"https:\/\/blogs.correiobraziliense.com.br\/capital-sa\/wp-json\/wp\/v2\/posts"}],"about":[{"href":"https:\/\/blogs.correiobraziliense.com.br\/capital-sa\/wp-json\/wp\/v2\/types\/post"}],"author":[{"embeddable":true,"href":"https:\/\/blogs.correiobraziliense.com.br\/capital-sa\/wp-json\/wp\/v2\/users\/125"}],"replies":[{"embeddable":true,"href":"https:\/\/blogs.correiobraziliense.com.br\/capital-sa\/wp-json\/wp\/v2\/comments?post=11225"}],"version-history":[{"count":5,"href":"https:\/\/blogs.correiobraziliense.com.br\/capital-sa\/wp-json\/wp\/v2\/posts\/11225\/revisions"}],"predecessor-version":[{"id":11231,"href":"https:\/\/blogs.correiobraziliense.com.br\/capital-sa\/wp-json\/wp\/v2\/posts\/11225\/revisions\/11231"}],"wp:featuredmedia":[{"embeddable":true,"href":"https:\/\/blogs.correiobraziliense.com.br\/capital-sa\/wp-json\/wp\/v2\/media\/11228"}],"wp:attachment":[{"href":"https:\/\/blogs.correiobraziliense.com.br\/capital-sa\/wp-json\/wp\/v2\/media?parent=11225"}],"wp:term":[{"taxonomy":"category","embeddable":true,"href":"https:\/\/blogs.correiobraziliense.com.br\/capital-sa\/wp-json\/wp\/v2\/categories?post=11225"},{"taxonomy":"post_tag","embeddable":true,"href":"https:\/\/blogs.correiobraziliense.com.br\/capital-sa\/wp-json\/wp\/v2\/tags?post=11225"}],"curies":[{"name":"wp","href":"https:\/\/api.w.org\/{rel}","templated":true}]}}