{"id":1122,"date":"2020-12-23T08:00:10","date_gmt":"2020-12-23T11:00:10","guid":{"rendered":"https:\/\/blogs.correiobraziliense.com.br\/capital-sa\/?p=1122"},"modified":"2020-12-22T20:31:01","modified_gmt":"2020-12-22T23:31:01","slug":"o-farol-na-tempestade-como-empresas-enfrentaram-a-crise","status":"publish","type":"post","link":"https:\/\/blogs.correiobraziliense.com.br\/capital-sa\/2020\/12\/23\/o-farol-na-tempestade-como-empresas-enfrentaram-a-crise\/","title":{"rendered":"O farol na tempestade: como empresas enfrentaram a crise"},"content":{"rendered":"<p>Desde setembro, a coluna vem contando hist\u00f3rias de empreendedores que, durante a pandemia, conseguiram superar a crise, reinventar os neg\u00f3cios e prosperar. Muitos deles receberam o apoio do Sebrae DF para replanejar as empresas e, especialmente, entrar no mundo digital.<\/p>\n<p>&nbsp;<\/p>\n<p><img loading=\"lazy\" decoding=\"async\" class=\"aligncenter size-medium wp-image-1125\" src=\"https:\/\/blogs.correiobraziliense.com.br\/capital-sa\/wp-content\/uploads\/sites\/59\/2020\/12\/fo-225x300.jpg\" alt=\"\" width=\"225\" height=\"300\" srcset=\"https:\/\/blogs.correiobraziliense.com.br\/capital-sa\/wp-content\/uploads\/sites\/59\/2020\/12\/fo-225x300.jpg 225w, https:\/\/blogs.correiobraziliense.com.br\/capital-sa\/wp-content\/uploads\/sites\/59\/2020\/12\/fo-768x1024.jpg 768w, https:\/\/blogs.correiobraziliense.com.br\/capital-sa\/wp-content\/uploads\/sites\/59\/2020\/12\/fo-800x1067.jpg 800w, https:\/\/blogs.correiobraziliense.com.br\/capital-sa\/wp-content\/uploads\/sites\/59\/2020\/12\/fo-550x733.jpg 550w, https:\/\/blogs.correiobraziliense.com.br\/capital-sa\/wp-content\/uploads\/sites\/59\/2020\/12\/fo-230x307.jpg 230w, https:\/\/blogs.correiobraziliense.com.br\/capital-sa\/wp-content\/uploads\/sites\/59\/2020\/12\/fo.jpg 960w\" sizes=\"auto, (max-width: 225px) 100vw, 225px\" \/><\/p>\n<blockquote><p>&#8220;Primeiro o pr\u00f3prio Sebrae se reinventou. Foi um grande aprendizado. Transformamos conceitos e princ\u00edpios, para, logo em seguida, levar isso aos empreendedores&#8221;, conta <strong>Valdir Oliveira<\/strong>, superintendente do Sebrae-DF.<\/p><\/blockquote>\n<p>&nbsp;<\/p>\n<h3>Mudar para reagir<\/h3>\n<p>Ele lembra que em\u00a013 de mar\u00e7o\u00a0o Sebrae teve de parar as diversas atividades presenciais, como cursos de capacita\u00e7\u00e3o e consultorias, por causa da pandemia. &#8220;Paramos para repensar tudo, ajustar nossa opera\u00e7\u00e3o e reagir ao cen\u00e1rio, n\u00e3o deixar os empres\u00e1rios desamparados&#8221;, lembra.<\/p>\n<p>&nbsp;<\/p>\n<h3>Oficinas pelo WhatsApp<\/h3>\n<p>Atendimento remoto, eventos virtuais, cursos por plataformas digitais, oficinas pelo WhatsApp. Deu certo. O Sebrae no DF ultrapassou a marca de 278 mil atendimentos em 2020.<\/p>\n<p>&#8220;Conseguimos, com o aux\u00edlio da tecnologia, ampliar o atendimento e batemos recordes&#8221;, celebra. Foram 140 mil horas de atendimento a produtores rurais e micro e pequenos empreendedores. A maioria de forma gratuita.<\/p>\n<p>&nbsp;<\/p>\n<p><img loading=\"lazy\" decoding=\"async\" class=\"aligncenter size-medium wp-image-1124\" src=\"https:\/\/blogs.correiobraziliense.com.br\/capital-sa\/wp-content\/uploads\/sites\/59\/2020\/12\/pc-300x209.jpg\" alt=\"\" width=\"300\" height=\"209\" \/><\/p>\n<p>&nbsp;<\/p>\n<h3>Salto em grande escala<\/h3>\n<p>Segundo Valdir Oliveira, o modelo de atendimento virtual veio para ficar. &#8220;Vamos manter essa nova forma, ampliamos em grande escala o atendimento.&#8221;<\/p>\n<p>Em 2019, o evento presencial Capital Digital teve 800 participantes inscritos. Em 2020, o Inova DF, realizado totalmente de forma virtual, teve 17 mil participantes. &#8220;Foi um grande salto. A pandemia nos ensinou que \u00e9 poss\u00edvel fazer mais com menos&#8221;, afirma Valdir.<\/p>\n<p>&nbsp;<\/p>\n<blockquote><p><strong>Resultados<\/strong><\/p>\n<p><strong>68.661<\/strong> mil empreendedores capacitados<\/p>\n<p><strong>100<\/strong> atividades de modo virtual<\/p>\n<p>&nbsp;<\/p><\/blockquote>\n<h3>Finan\u00e7as e marketing<\/h3>\n<p>O Sebrae apoia todos aqueles que sonham em montar a sua pr\u00f3pria empresa e que querem ampliar ou redirecionar as que j\u00e1 t\u00eam. Foram oferecidas 18 consultorias gratuitamente nos temas de finan\u00e7as, inova\u00e7\u00e3o e marketing digital.<\/p>\n<p>&nbsp;<\/p>\n<h3>Reconstru\u00e7\u00e3o em 2021<\/h3>\n<p>A expectativa \u00e9 de fazer um trabalho ainda melhor em 2021. &#8220;Ser\u00e1 um ano de reconstru\u00e7\u00e3o da nossa economia e, se Deus quiser, n\u00f3s do Sebrae no DF estaremos entre os protagonistas da constru\u00e7\u00e3o da nova economia brasiliense&#8221;, destaca Valdir Oliveira.<\/p>\n<p>&nbsp;<\/p>\n","protected":false},"excerpt":{"rendered":"<p>Desde setembro, a coluna vem contando hist\u00f3rias de empreendedores que, durante a pandemia, conseguiram superar a crise, reinventar os neg\u00f3cios e prosperar. Muitos deles receberam o apoio do Sebrae DF para replanejar as empresas e, especialmente, entrar no mundo digital. &nbsp; &#8220;Primeiro o pr\u00f3prio Sebrae se reinventou. Foi um grande aprendizado. Transformamos conceitos e princ\u00edpios, para, logo em seguida, levar [&hellip;]<\/p>\n","protected":false},"author":125,"featured_media":1123,"comment_status":"open","ping_status":"open","sticky":false,"template":"","format":"standard","meta":{"footnotes":""},"categories":[6],"tags":[362,361,214,363,359,191,360,358,2,5],"class_list":["post-1122","post","type-post","status-publish","format-standard","has-post-thumbnail","hentry","category-coluna-capital-s-a","tag-atendimento","tag-curso","tag-digital","tag-inovadf","tag-replanejamento","tag-sebraedf","tag-virtual","tag-whatsapp","tag-empreendedorismo","tag-pandemia"],"_links":{"self":[{"href":"https:\/\/blogs.correiobraziliense.com.br\/capital-sa\/wp-json\/wp\/v2\/posts\/1122","targetHints":{"allow":["GET"]}}],"collection":[{"href":"https:\/\/blogs.correiobraziliense.com.br\/capital-sa\/wp-json\/wp\/v2\/posts"}],"about":[{"href":"https:\/\/blogs.correiobraziliense.com.br\/capital-sa\/wp-json\/wp\/v2\/types\/post"}],"author":[{"embeddable":true,"href":"https:\/\/blogs.correiobraziliense.com.br\/capital-sa\/wp-json\/wp\/v2\/users\/125"}],"replies":[{"embeddable":true,"href":"https:\/\/blogs.correiobraziliense.com.br\/capital-sa\/wp-json\/wp\/v2\/comments?post=1122"}],"version-history":[{"count":2,"href":"https:\/\/blogs.correiobraziliense.com.br\/capital-sa\/wp-json\/wp\/v2\/posts\/1122\/revisions"}],"predecessor-version":[{"id":1127,"href":"https:\/\/blogs.correiobraziliense.com.br\/capital-sa\/wp-json\/wp\/v2\/posts\/1122\/revisions\/1127"}],"wp:featuredmedia":[{"embeddable":true,"href":"https:\/\/blogs.correiobraziliense.com.br\/capital-sa\/wp-json\/wp\/v2\/media\/1123"}],"wp:attachment":[{"href":"https:\/\/blogs.correiobraziliense.com.br\/capital-sa\/wp-json\/wp\/v2\/media?parent=1122"}],"wp:term":[{"taxonomy":"category","embeddable":true,"href":"https:\/\/blogs.correiobraziliense.com.br\/capital-sa\/wp-json\/wp\/v2\/categories?post=1122"},{"taxonomy":"post_tag","embeddable":true,"href":"https:\/\/blogs.correiobraziliense.com.br\/capital-sa\/wp-json\/wp\/v2\/tags?post=1122"}],"curies":[{"name":"wp","href":"https:\/\/api.w.org\/{rel}","templated":true}]}}