{"id":11212,"date":"2022-12-21T17:16:38","date_gmt":"2022-12-21T20:16:38","guid":{"rendered":"https:\/\/blogs.correiobraziliense.com.br\/capital-sa\/?p=11212"},"modified":"2022-12-21T17:48:45","modified_gmt":"2022-12-21T20:48:45","slug":"confira-os-nomes-ja-definidos-para-o-comando-da-camara-legislativa-do-df","status":"publish","type":"post","link":"https:\/\/blogs.correiobraziliense.com.br\/capital-sa\/2022\/12\/21\/confira-os-nomes-ja-definidos-para-o-comando-da-camara-legislativa-do-df\/","title":{"rendered":"Confira os nomes j\u00e1 definidos para o comando da C\u00e2mara Legislativa do DF"},"content":{"rendered":"<p class=\"p1\"><b>Por Samanta Sallum\u00a0<\/b><\/p>\n<p class=\"p1\"><span class=\"s1\">Apesar da elei\u00e7\u00e3o ocorrer oficialmente apenas em 1\u00ba de janeiro, j\u00e1 est\u00e1 definida a composi\u00e7\u00e3o da Mesa Diretora da C\u00e2mara Legislativa para o bi\u00eanio 2023\/2024. E tamb\u00e9m alguns nomes de quem vai presidir as comiss\u00f5es. <b>(Confira lista abaixo) <\/b><\/span><\/p>\n<p class=\"p1\"><span class=\"s1\">Entendimento entre as bancadas partid\u00e1rias da Casa chegou a um acordo para contemplar as legendas na distribui\u00e7\u00e3o de fun\u00e7\u00f5es. O PL, da deputada federal Fl\u00e1via Arruda, vai ficar com a chave do cofre, ocupando a 2a secretaria. Esta cuida do or\u00e7amento do Legislativo local e de contratos de presta\u00e7\u00e3o de servi\u00e7o.<\/span><\/p>\n<p><b>Composi\u00e7\u00e3o<\/b>:<\/p>\n<p class=\"p1\"><span class=\"s1\">Presidente &#8211; Wellington Luiz (MDB)<\/span><\/p>\n<p class=\"p1\"><span class=\"s1\">Vice-presidente &#8211; Ricardo Vale (PT)<\/span><\/p>\n<p class=\"p1\"><span class=\"s1\">1\u00ba<span class=\"Apple-converted-space\">\u00a0 <\/span>secret\u00e1rio &#8211; Daniel de Castro (PP)<\/span><\/p>\n<p class=\"p1\"><span class=\"s1\">2o secret\u00e1rio &#8211; Roosevelt Vilela (PL) <\/span><\/p>\n<p class=\"p1\"><span class=\"s1\">3o secret\u00e1rio &#8211; Martins Machado (Republicanos)<\/span><\/p>\n<p class=\"p1\"><span class=\"s1\">Das 11 comiss\u00f5es permanentes da CLDF,<span class=\"Apple-converted-space\">\u00a0 <\/span>j\u00e1 h\u00e1 acordo para pelo menos tr\u00eas.<\/span><\/p>\n<p class=\"p1\"><span class=\"s1\">O atual l\u00edder do governo, deputado Hermeto (MDB) assumir\u00e1 a Comiss\u00e3o de Assuntos Fundi\u00e1rios (CAF). <\/span><\/p>\n<p class=\"p1\"><span class=\"s1\">Para a Comiss\u00e3o de Economia, Or\u00e7amento e Finan\u00e7as (CEOF), a previs\u00e3o \u00e9 de que Eduardo Pedrosa (Uni\u00e3o) seja o presidente. <\/span><\/p>\n<p class=\"p1\"><span class=\"s1\">A Comiss\u00e3o de Constitui\u00e7\u00e3o e Justi\u00e7a (CCJ) ficar\u00e1<span class=\"Apple-converted-space\">\u00a0 <\/span>com o PL de Thiago Manzoni.<span class=\"Apple-converted-space\"><br \/>\n<\/span><\/span><\/p>\n<p class=\"p1\"><span class=\"s1\">\u201cApesar de ser um deputado novo (Manzoni). \u00c9 uma pessoa que nos dar\u00e1 seguran\u00e7a. Conversei bastante com ele, e apesar de ainda n\u00e3o ter sido deputado, o Manzoni tem um tr\u00e2nsito pol\u00edtico muito bom, e vai nos ajudar bastante\u201d, afirmou o deputado Wellington Luiz em entrevista ao programa\u00a0<b>CB Poder <\/b>de hoje.<\/span><\/p>\n<p><img loading=\"lazy\" decoding=\"async\" class=\"aligncenter size-medium wp-image-11221\" src=\"https:\/\/blogs.correiobraziliense.com.br\/capital-sa\/wp-content\/uploads\/sites\/59\/2022\/12\/24933E9F-CC62-4D32-9D84-0D7481386DFC-300x207.jpeg\" alt=\"\" width=\"300\" height=\"207\" srcset=\"https:\/\/blogs.correiobraziliense.com.br\/capital-sa\/wp-content\/uploads\/sites\/59\/2022\/12\/24933E9F-CC62-4D32-9D84-0D7481386DFC-300x207.jpeg 300w, https:\/\/blogs.correiobraziliense.com.br\/capital-sa\/wp-content\/uploads\/sites\/59\/2022\/12\/24933E9F-CC62-4D32-9D84-0D7481386DFC-230x158.jpeg 230w, https:\/\/blogs.correiobraziliense.com.br\/capital-sa\/wp-content\/uploads\/sites\/59\/2022\/12\/24933E9F-CC62-4D32-9D84-0D7481386DFC.jpeg 537w\" sizes=\"auto, (max-width: 300px) 100vw, 300px\" \/><\/p>\n<p class=\"p1\"><span class=\"s1\">O futuro presidente da CLDF garantiu que, apesar de cada estrutura da Casa ser chefiada por um parlamentar, as decis\u00f5es de maior impacto em cada setor ter\u00e3o a participa\u00e7\u00e3o de todos.<br \/>\n<\/span><\/p>\n<p class=\"p1\"><span class=\"s1\">\u201cA Hist\u00f3ria mostra que centralizar poder n\u00e3o \u00e9 algo eficiente. Se confirmada a minha elei\u00e7\u00e3o, quero fazer uma gest\u00e3o democr\u00e1tica. Como est\u00e1 sendo esse processo para compormos a nova dire\u00e7\u00e3o. Com di\u00e1logo e de forma republicana\u201d, destacou.<\/span><\/p>\n","protected":false},"excerpt":{"rendered":"<p>Por Samanta Sallum\u00a0 Apesar da elei\u00e7\u00e3o ocorrer oficialmente apenas em 1\u00ba de janeiro, j\u00e1 est\u00e1 definida a composi\u00e7\u00e3o da Mesa Diretora da C\u00e2mara Legislativa para o bi\u00eanio 2023\/2024. E tamb\u00e9m alguns nomes de quem vai presidir as comiss\u00f5es. (Confira lista abaixo) Entendimento entre as bancadas partid\u00e1rias da Casa chegou a um acordo para contemplar as legendas na distribui\u00e7\u00e3o de fun\u00e7\u00f5es. [&hellip;]<\/p>\n","protected":false},"author":125,"featured_media":11215,"comment_status":"open","ping_status":"open","sticky":false,"template":"","format":"standard","meta":{"footnotes":""},"categories":[6],"tags":[],"class_list":["post-11212","post","type-post","status-publish","format-standard","has-post-thumbnail","hentry","category-coluna-capital-s-a"],"_links":{"self":[{"href":"https:\/\/blogs.correiobraziliense.com.br\/capital-sa\/wp-json\/wp\/v2\/posts\/11212","targetHints":{"allow":["GET"]}}],"collection":[{"href":"https:\/\/blogs.correiobraziliense.com.br\/capital-sa\/wp-json\/wp\/v2\/posts"}],"about":[{"href":"https:\/\/blogs.correiobraziliense.com.br\/capital-sa\/wp-json\/wp\/v2\/types\/post"}],"author":[{"embeddable":true,"href":"https:\/\/blogs.correiobraziliense.com.br\/capital-sa\/wp-json\/wp\/v2\/users\/125"}],"replies":[{"embeddable":true,"href":"https:\/\/blogs.correiobraziliense.com.br\/capital-sa\/wp-json\/wp\/v2\/comments?post=11212"}],"version-history":[{"count":9,"href":"https:\/\/blogs.correiobraziliense.com.br\/capital-sa\/wp-json\/wp\/v2\/posts\/11212\/revisions"}],"predecessor-version":[{"id":11223,"href":"https:\/\/blogs.correiobraziliense.com.br\/capital-sa\/wp-json\/wp\/v2\/posts\/11212\/revisions\/11223"}],"wp:featuredmedia":[{"embeddable":true,"href":"https:\/\/blogs.correiobraziliense.com.br\/capital-sa\/wp-json\/wp\/v2\/media\/11215"}],"wp:attachment":[{"href":"https:\/\/blogs.correiobraziliense.com.br\/capital-sa\/wp-json\/wp\/v2\/media?parent=11212"}],"wp:term":[{"taxonomy":"category","embeddable":true,"href":"https:\/\/blogs.correiobraziliense.com.br\/capital-sa\/wp-json\/wp\/v2\/categories?post=11212"},{"taxonomy":"post_tag","embeddable":true,"href":"https:\/\/blogs.correiobraziliense.com.br\/capital-sa\/wp-json\/wp\/v2\/tags?post=11212"}],"curies":[{"name":"wp","href":"https:\/\/api.w.org\/{rel}","templated":true}]}}