{"id":11181,"date":"2022-12-21T09:31:53","date_gmt":"2022-12-21T12:31:53","guid":{"rendered":"https:\/\/blogs.correiobraziliense.com.br\/capital-sa\/?p=11181"},"modified":"2022-12-21T10:53:51","modified_gmt":"2022-12-21T13:53:51","slug":"uniao-nacional-do-comercio-e-de-servicos-repudia-mudanca-na-lei-das-estatais","status":"publish","type":"post","link":"https:\/\/blogs.correiobraziliense.com.br\/capital-sa\/2022\/12\/21\/uniao-nacional-do-comercio-e-de-servicos-repudia-mudanca-na-lei-das-estatais\/","title":{"rendered":"Uni\u00e3o Nacional do Com\u00e9rcio e de Servi\u00e7os repudia mudan\u00e7a na Lei das Estatais"},"content":{"rendered":"<p><b>Por Samanta Sallum\u00a0<\/b><\/p>\n<p>A entidade, que re\u00fane os pesos pesados do setor, afirma que a mudan\u00e7a na lei em vigor abre brecha para o &#8220;uso indevido&#8221; dos cargos de comando das empresas &#8220;motivado por interesses pol\u00edtico-partid\u00e1rios, que favoreceram a corrup\u00e7\u00e3o, a inefici\u00eancia da aloca\u00e7\u00e3o de recursos p\u00fablicos em atendimento a objetivos eleitorais&#8221;.<\/p>\n<p><b>Manifesto<\/b><\/p>\n<p>A rea\u00e7\u00e3o veio diante da aprova\u00e7\u00e3o pela C\u00e2mara dos Deputados do Projeto que altera a Lei das Estatais. As entidades que comp\u00f5em o Instituto Uni\u00e3o Nacional do Com\u00e9rcio e Servi\u00e7os (Unecs) assinaram ontem \u00a0um manifesto de rep\u00fadio. O atual presidente do grupo \u00e9 o l\u00edder da Confedera\u00e7\u00e3o Nacional dos Dirigentes Lojistas, Jos\u00e9 C\u00e9sar da Costa.<\/p>\n<p><b>Redu\u00e7\u00e3o da quarentena<\/b><\/p>\n<p>A Unecs critica a redu\u00e7\u00e3o de 36 meses para 30 dias no prazo de quarentena para investidura dos cargos de administradores das empresas estatais e diretores das ag\u00eancias reguladoras. A medida foi providenciada pelo governo eleito Lula (PT) para permitir que Aloizio Mercadante (PT) assuma o BNDES.<\/p>\n<p><img loading=\"lazy\" decoding=\"async\" class=\"aligncenter size-full wp-image-11187\" src=\"https:\/\/blogs.correiobraziliense.com.br\/capital-sa\/wp-content\/uploads\/sites\/59\/2022\/12\/DE53FD4A-7EE3-4347-98C2-755A6E9D0AB3.jpeg\" alt=\"\" width=\"275\" height=\"183\" srcset=\"https:\/\/blogs.correiobraziliense.com.br\/capital-sa\/wp-content\/uploads\/sites\/59\/2022\/12\/DE53FD4A-7EE3-4347-98C2-755A6E9D0AB3.jpeg 275w, https:\/\/blogs.correiobraziliense.com.br\/capital-sa\/wp-content\/uploads\/sites\/59\/2022\/12\/DE53FD4A-7EE3-4347-98C2-755A6E9D0AB3-230x153.jpeg 230w\" sizes=\"auto, (max-width: 275px) 100vw, 275px\" \/><\/p>\n<p><b>Preju\u00edzo aos<br \/>\ncofres p\u00fablicos<\/b><\/p>\n<p>&#8220;Os danos decorrentes de interfer\u00eancias pol\u00edtico-partid\u00e1rias indevidas prejudicam seriamente os cofres p\u00fablicos e a qualidade dos servi\u00e7os e dos produtos entregues \u00e0 popula\u00e7\u00e3o, afetando diretamente n\u00e3o apenas o setor do com\u00e9rcio e servi\u00e7os, como a cada brasileiro, desfavorecendo a redu\u00e7\u00e3o da desigualdade social\u201d, destaca o manifesto.<\/p>\n<p><b>Contra diretrizes<br \/>\nda OCDE<\/b><\/p>\n<p>A Unecs ainda aponta que as normas ainda em vigor atendem as diretrizes de governan\u00e7a para empresas estatais da Organiza\u00e7\u00e3o para a Coopera\u00e7\u00e3o e Desenvolvimento Econ\u00f4mico (OCDE). E que o alinhamento a esses padr\u00f5es \u00e9 um dos passos previstos no processo de entrada do Brasil na entidade internacional. E que as mudan\u00e7as propostas v\u00e3o contra esse alinhamento.<\/p>\n<p><b>Posi\u00e7\u00e3o conjunta<\/b><\/p>\n<p>Assinaram a manifesto al\u00e9m da CNDL, as associa\u00e7\u00f5es nacionais de Atacadistas e Distribuidores; de Supermercados; de Bares e Restaurantes; de Automa\u00e7\u00e3o para o Com\u00e9rcio; a Confedera\u00e7\u00e3o das Associa\u00e7\u00f5es Comerciais e Empresariais do Brasil; e a Associa\u00e7\u00e3o Nacional dos Comerciantes de Material de Constru\u00e7\u00e3o.<\/p>\n<p>\u2014\u2014\u2014\u2014\u2014\u2014\u2014\u2014\u2014\u2014\u2014\u2014\u2014\u2014\u2014\u2014\u2014-<\/p>\n<p><b>O ABC do<br \/>\ngoverno Ibaneis<\/b><\/p>\n<p>A conviv\u00eancia de Andr\u00e9 Clemente e Jos\u00e9 Humberto Pires n\u00e3o era das melhores no Governo do Distrito Federal (GDF). Os dois secret\u00e1rios tensionavam for\u00e7as. Clemente migrou recentemente da secretaria de Economia para o Tribunal de Contas do DF. Dias atr\u00e1s, recebeu um afago d\u00fabio de Pires, publicamente. O atual secret\u00e1rio de Governo disse, no almo\u00e7o do Lide Bras\u00edlia, que, gra\u00e7as ao empenho do ex-secret\u00e1rio de Economia, o DF passou de classifica\u00e7\u00e3o C para B no n\u00edvel de capacidade de pagamento. Mas emendou: &#8220;Nossa meta agora \u00e9 chegar no A&#8221;. A escala do governo federal mede a sa\u00fade fiscal dos governos estaduais.<\/p>\n<p>\u2014\u2014\u2014\u2014\u2014\u2014\u2014\u2014\u2014\u2014\u2014\u2014\u2014\u2014\u2014\u2014<\/p>\n<p><b>Despachantes aduaneiros t\u00eam vit\u00f3ria judicial<\/b><\/p>\n<p>A Federa\u00e7\u00e3o Nacional que representa os Despachantes Aduaneiros, com Sede em Bras\u00edlia (DF) e afiliada \u00e0 Confedera\u00e7\u00e3o Nacional do Com\u00e9rcio (CNC), anunciou uma decis\u00e3o judicial recente, que assegurou o exerc\u00edcio exclusivo do desembara\u00e7o aduaneiro pela categoria. O pleito de atua\u00e7\u00e3o por pessoa jur\u00eddica, para Comiss\u00e1rias de Despacho acabou n\u00e3o sendo atendido pela Judici\u00e1rio.<\/p>\n<p>&#8220;Na pr\u00e1tica, foi restabelecida uma rela\u00e7\u00e3o profissional hist\u00f3rica, desde 1850, aos embarcadores brasileiros, haja vista que os profissionais aut\u00f4nomos, Despachantes Aduaneiros,\u00a0s\u00e3o seus representantes legais para responder perante a Receita Federal&#8221;, comemorou Jos\u00e9 Carlos Raposo Barbosa, Presidente da Feaduneiros.<\/p>\n<p><img loading=\"lazy\" decoding=\"async\" class=\"aligncenter size-medium wp-image-11189\" src=\"https:\/\/blogs.correiobraziliense.com.br\/capital-sa\/wp-content\/uploads\/sites\/59\/2022\/12\/11AB9843-9EA8-4861-9965-7E25D8AEA106-230x300.jpeg\" alt=\"\" width=\"230\" height=\"300\" srcset=\"https:\/\/blogs.correiobraziliense.com.br\/capital-sa\/wp-content\/uploads\/sites\/59\/2022\/12\/11AB9843-9EA8-4861-9965-7E25D8AEA106-230x300.jpeg 230w, https:\/\/blogs.correiobraziliense.com.br\/capital-sa\/wp-content\/uploads\/sites\/59\/2022\/12\/11AB9843-9EA8-4861-9965-7E25D8AEA106-550x718.jpeg 550w, https:\/\/blogs.correiobraziliense.com.br\/capital-sa\/wp-content\/uploads\/sites\/59\/2022\/12\/11AB9843-9EA8-4861-9965-7E25D8AEA106.jpeg 640w\" sizes=\"auto, (max-width: 230px) 100vw, 230px\" \/><\/p>\n<p><b>12 mil<\/b><\/p>\n<p>\u00c9 o n\u00famero de despachantes aduaneiros credenciados pela Receita Federal<\/p>\n<p><b>\u2014\u2014\u2014\u2014\u2014\u2014\u2014\u2014\u2014\u2014\u2014\u2014\u2014\u2014\u2014\u2014\u2014<br \/>\nCelebra\u00e7\u00e3o<br \/>\nde 70 anos<br \/>\nda Pfizer<br \/>\nno Brasil<\/b><\/p>\n<p><img loading=\"lazy\" decoding=\"async\" class=\"aligncenter size-medium wp-image-11194\" src=\"https:\/\/blogs.correiobraziliense.com.br\/capital-sa\/wp-content\/uploads\/sites\/59\/2022\/12\/A6E291BC-E94E-44DE-B84A-7C2C5AC52B29-292x300.jpeg\" alt=\"\" width=\"292\" height=\"300\" srcset=\"https:\/\/blogs.correiobraziliense.com.br\/capital-sa\/wp-content\/uploads\/sites\/59\/2022\/12\/A6E291BC-E94E-44DE-B84A-7C2C5AC52B29-292x300.jpeg 292w, https:\/\/blogs.correiobraziliense.com.br\/capital-sa\/wp-content\/uploads\/sites\/59\/2022\/12\/A6E291BC-E94E-44DE-B84A-7C2C5AC52B29-768x788.jpeg 768w, https:\/\/blogs.correiobraziliense.com.br\/capital-sa\/wp-content\/uploads\/sites\/59\/2022\/12\/A6E291BC-E94E-44DE-B84A-7C2C5AC52B29-997x1024.jpeg 997w, https:\/\/blogs.correiobraziliense.com.br\/capital-sa\/wp-content\/uploads\/sites\/59\/2022\/12\/A6E291BC-E94E-44DE-B84A-7C2C5AC52B29-800x821.jpeg 800w, https:\/\/blogs.correiobraziliense.com.br\/capital-sa\/wp-content\/uploads\/sites\/59\/2022\/12\/A6E291BC-E94E-44DE-B84A-7C2C5AC52B29-550x565.jpeg 550w, https:\/\/blogs.correiobraziliense.com.br\/capital-sa\/wp-content\/uploads\/sites\/59\/2022\/12\/A6E291BC-E94E-44DE-B84A-7C2C5AC52B29-230x236.jpeg 230w, https:\/\/blogs.correiobraziliense.com.br\/capital-sa\/wp-content\/uploads\/sites\/59\/2022\/12\/A6E291BC-E94E-44DE-B84A-7C2C5AC52B29.jpeg 1200w\" sizes=\"auto, (max-width: 292px) 100vw, 292px\" \/><\/p>\n<p>Foi realizado em Bras\u00edlia o jantar comemorativo dos 70 anos de presen\u00e7a da Pfizer no pa\u00eds. Na ocasi\u00e3o, a presidente da empresa no Brasil, Marta D\u00edez, debateu os desafios e oportunidades na sa\u00fade para as pr\u00f3ximas d\u00e9cadas. O anfitri\u00e3o foi o encarregado de Neg\u00f3cios da Embaixada dos Estados Unidos no Brasil, Douglas A. Koneff. A cofundadora do Grupo Sabin, Sandra Soares Costa, e a presidente executiva da empresa, L\u00eddia Abdalla, foram convidadas especiais do evento.<\/p>\n","protected":false},"excerpt":{"rendered":"<p>Por Samanta Sallum\u00a0 A entidade, que re\u00fane os pesos pesados do setor, afirma que a mudan\u00e7a na lei em vigor abre brecha para o &#8220;uso indevido&#8221; dos cargos de comando das empresas &#8220;motivado por interesses pol\u00edtico-partid\u00e1rios, que favoreceram a corrup\u00e7\u00e3o, a inefici\u00eancia da aloca\u00e7\u00e3o de recursos p\u00fablicos em atendimento a objetivos eleitorais&#8221;. Manifesto A rea\u00e7\u00e3o veio diante da aprova\u00e7\u00e3o pela [&hellip;]<\/p>\n","protected":false},"author":125,"featured_media":11186,"comment_status":"open","ping_status":"open","sticky":false,"template":"","format":"standard","meta":{"footnotes":""},"categories":[6],"tags":[],"class_list":["post-11181","post","type-post","status-publish","format-standard","has-post-thumbnail","hentry","category-coluna-capital-s-a"],"_links":{"self":[{"href":"https:\/\/blogs.correiobraziliense.com.br\/capital-sa\/wp-json\/wp\/v2\/posts\/11181","targetHints":{"allow":["GET"]}}],"collection":[{"href":"https:\/\/blogs.correiobraziliense.com.br\/capital-sa\/wp-json\/wp\/v2\/posts"}],"about":[{"href":"https:\/\/blogs.correiobraziliense.com.br\/capital-sa\/wp-json\/wp\/v2\/types\/post"}],"author":[{"embeddable":true,"href":"https:\/\/blogs.correiobraziliense.com.br\/capital-sa\/wp-json\/wp\/v2\/users\/125"}],"replies":[{"embeddable":true,"href":"https:\/\/blogs.correiobraziliense.com.br\/capital-sa\/wp-json\/wp\/v2\/comments?post=11181"}],"version-history":[{"count":8,"href":"https:\/\/blogs.correiobraziliense.com.br\/capital-sa\/wp-json\/wp\/v2\/posts\/11181\/revisions"}],"predecessor-version":[{"id":11195,"href":"https:\/\/blogs.correiobraziliense.com.br\/capital-sa\/wp-json\/wp\/v2\/posts\/11181\/revisions\/11195"}],"wp:featuredmedia":[{"embeddable":true,"href":"https:\/\/blogs.correiobraziliense.com.br\/capital-sa\/wp-json\/wp\/v2\/media\/11186"}],"wp:attachment":[{"href":"https:\/\/blogs.correiobraziliense.com.br\/capital-sa\/wp-json\/wp\/v2\/media?parent=11181"}],"wp:term":[{"taxonomy":"category","embeddable":true,"href":"https:\/\/blogs.correiobraziliense.com.br\/capital-sa\/wp-json\/wp\/v2\/categories?post=11181"},{"taxonomy":"post_tag","embeddable":true,"href":"https:\/\/blogs.correiobraziliense.com.br\/capital-sa\/wp-json\/wp\/v2\/tags?post=11181"}],"curies":[{"name":"wp","href":"https:\/\/api.w.org\/{rel}","templated":true}]}}