{"id":11155,"date":"2022-12-16T20:29:52","date_gmt":"2022-12-16T23:29:52","guid":{"rendered":"https:\/\/blogs.correiobraziliense.com.br\/capital-sa\/?p=11155"},"modified":"2022-12-16T20:34:11","modified_gmt":"2022-12-16T23:34:11","slug":"sesc-df-anuncia-expansao-em-2023-com-nova-unidade-em-planaltina","status":"publish","type":"post","link":"https:\/\/blogs.correiobraziliense.com.br\/capital-sa\/2022\/12\/16\/sesc-df-anuncia-expansao-em-2023-com-nova-unidade-em-planaltina\/","title":{"rendered":"Sesc-DF anuncia expans\u00e3o em 2023, com nova unidade em Planaltina"},"content":{"rendered":"<figure id=\"attachment_11156\" aria-describedby=\"caption-attachment-11156\" style=\"width: 1024px\" class=\"wp-caption aligncenter\"><img loading=\"lazy\" decoding=\"async\" class=\"size-large wp-image-11156\" src=\"https:\/\/blogs.correiobraziliense.com.br\/capital-sa\/wp-content\/uploads\/sites\/59\/2022\/12\/e6ed8770_9416_499f_827c_2809c735be9d-27063880-1024x682.jpg\" alt=\"Capital S\/A - O diretor regional do Sesc-DF, Valcides de Ara\u00fajo Silva, e o presidente da Fecom\u00e9rcio-DF, Jos\u00e9 Aparecido da Costa Freire\" width=\"1024\" height=\"682\" srcset=\"https:\/\/blogs.correiobraziliense.com.br\/capital-sa\/wp-content\/uploads\/sites\/59\/2022\/12\/e6ed8770_9416_499f_827c_2809c735be9d-27063880-1024x682.jpg 1024w, https:\/\/blogs.correiobraziliense.com.br\/capital-sa\/wp-content\/uploads\/sites\/59\/2022\/12\/e6ed8770_9416_499f_827c_2809c735be9d-27063880-300x200.jpg 300w, https:\/\/blogs.correiobraziliense.com.br\/capital-sa\/wp-content\/uploads\/sites\/59\/2022\/12\/e6ed8770_9416_499f_827c_2809c735be9d-27063880-768x512.jpg 768w, https:\/\/blogs.correiobraziliense.com.br\/capital-sa\/wp-content\/uploads\/sites\/59\/2022\/12\/e6ed8770_9416_499f_827c_2809c735be9d-27063880-1440x959.jpg 1440w, https:\/\/blogs.correiobraziliense.com.br\/capital-sa\/wp-content\/uploads\/sites\/59\/2022\/12\/e6ed8770_9416_499f_827c_2809c735be9d-27063880-800x533.jpg 800w, https:\/\/blogs.correiobraziliense.com.br\/capital-sa\/wp-content\/uploads\/sites\/59\/2022\/12\/e6ed8770_9416_499f_827c_2809c735be9d-27063880-550x366.jpg 550w, https:\/\/blogs.correiobraziliense.com.br\/capital-sa\/wp-content\/uploads\/sites\/59\/2022\/12\/e6ed8770_9416_499f_827c_2809c735be9d-27063880-230x153.jpg 230w, https:\/\/blogs.correiobraziliense.com.br\/capital-sa\/wp-content\/uploads\/sites\/59\/2022\/12\/e6ed8770_9416_499f_827c_2809c735be9d-27063880.jpg 1600w\" sizes=\"auto, (max-width: 1024px) 100vw, 1024px\" \/><figcaption id=\"caption-attachment-11156\" class=\"wp-caption-text\">O diretor regional do Sesc-DF, Valcides de Ara\u00fajo Silva, e o presidente da Fecom\u00e9rcio-DF, Jos\u00e9 Aparecido da Costa Freire. Felipe Menezes\/Divulga\u00e7\u00e3o<\/figcaption><\/figure>\n<p><strong>Por Sibele Negromonte e Mariana Niederauer<\/strong><\/p>\n<p>O ano de 2023 ser\u00e1 de expans\u00e3o para o Sesc-DF, que ampliar\u00e1 sua \u00e1rea de atua\u00e7\u00e3o, principalmente na regi\u00e3o norte do quadradinho. &#8220;Hoje, nossas nove unidades est\u00e3o concentradas na parte sul do DF. Estamos construindo uma nova unidade, com mais de 20 mil m\u00b2, em Planaltina&#8221;, adiantou o diretor regional do Sesc-DF, Valcides de Ara\u00fajo Silva (\u00e0 esquerda na foto), em almo\u00e7o com a imprensa. A ideia \u00e9 tamb\u00e9m investir em unidades pockets, que oferecer\u00e3o servi\u00e7os odontol\u00f3gicos, m\u00e9dicos e psicol\u00f3gicos em menor escala. A primeira inaugurada ser\u00e1 na 912 Norte, em um espa\u00e7o dentro do Senac. N\u00facleo Bandeirante, Samambaia e Brazl\u00e2ndia devem ser as pr\u00f3ximas agraciadas.<\/p>\n<h3><strong>Atendimento para todos<\/strong><\/h3>\n<p>Durante almo\u00e7o, o presidente da Fecom\u00e9rcio-DF, Jos\u00e9 Aparecido da Costa Freire, (\u00e0 direita na foto) ressaltou a import\u00e2ncia de divulgar as a\u00e7\u00f5es das institui\u00e7\u00f5es do sistema S e ampliar o servi\u00e7o prestado \u00e0 popula\u00e7\u00e3o. &#8220;Em agosto de 2021, o Sesc tinha 180 mil associados; hoje, s\u00e3o mais de 510 mil&#8221;, comemora. Jos\u00e9 Aparecido estima que os servi\u00e7os dispon\u00edveis aos associados custem, em m\u00e9dia, 90% menos que os pre\u00e7os praticados no mercado. Para a popula\u00e7\u00e3o em geral, esse \u00edndice \u00e9 de 70%. Isso sem falar nos atendimentos gratuitos feitos em carretas e a\u00e7\u00f5es espec\u00edficas.<\/p>\n","protected":false},"excerpt":{"rendered":"<p>Por Sibele Negromonte e Mariana Niederauer O ano de 2023 ser\u00e1 de expans\u00e3o para o Sesc-DF, que ampliar\u00e1 sua \u00e1rea de atua\u00e7\u00e3o, principalmente na regi\u00e3o norte do quadradinho. &#8220;Hoje, nossas nove unidades est\u00e3o concentradas na parte sul do DF. Estamos construindo uma nova unidade, com mais de 20 mil m\u00b2, em Planaltina&#8221;, adiantou o diretor regional do Sesc-DF, Valcides de [&hellip;]<\/p>\n","protected":false},"author":91,"featured_media":11156,"comment_status":"open","ping_status":"open","sticky":false,"template":"","format":"standard","meta":{"footnotes":""},"categories":[1],"tags":[],"class_list":["post-11155","post","type-post","status-publish","format-standard","has-post-thumbnail","hentry","category-sem-categoria"],"_links":{"self":[{"href":"https:\/\/blogs.correiobraziliense.com.br\/capital-sa\/wp-json\/wp\/v2\/posts\/11155","targetHints":{"allow":["GET"]}}],"collection":[{"href":"https:\/\/blogs.correiobraziliense.com.br\/capital-sa\/wp-json\/wp\/v2\/posts"}],"about":[{"href":"https:\/\/blogs.correiobraziliense.com.br\/capital-sa\/wp-json\/wp\/v2\/types\/post"}],"author":[{"embeddable":true,"href":"https:\/\/blogs.correiobraziliense.com.br\/capital-sa\/wp-json\/wp\/v2\/users\/91"}],"replies":[{"embeddable":true,"href":"https:\/\/blogs.correiobraziliense.com.br\/capital-sa\/wp-json\/wp\/v2\/comments?post=11155"}],"version-history":[{"count":2,"href":"https:\/\/blogs.correiobraziliense.com.br\/capital-sa\/wp-json\/wp\/v2\/posts\/11155\/revisions"}],"predecessor-version":[{"id":11158,"href":"https:\/\/blogs.correiobraziliense.com.br\/capital-sa\/wp-json\/wp\/v2\/posts\/11155\/revisions\/11158"}],"wp:featuredmedia":[{"embeddable":true,"href":"https:\/\/blogs.correiobraziliense.com.br\/capital-sa\/wp-json\/wp\/v2\/media\/11156"}],"wp:attachment":[{"href":"https:\/\/blogs.correiobraziliense.com.br\/capital-sa\/wp-json\/wp\/v2\/media?parent=11155"}],"wp:term":[{"taxonomy":"category","embeddable":true,"href":"https:\/\/blogs.correiobraziliense.com.br\/capital-sa\/wp-json\/wp\/v2\/categories?post=11155"},{"taxonomy":"post_tag","embeddable":true,"href":"https:\/\/blogs.correiobraziliense.com.br\/capital-sa\/wp-json\/wp\/v2\/tags?post=11155"}],"curies":[{"name":"wp","href":"https:\/\/api.w.org\/{rel}","templated":true}]}}