{"id":1115,"date":"2020-12-23T08:10:43","date_gmt":"2020-12-23T11:10:43","guid":{"rendered":"https:\/\/blogs.correiobraziliense.com.br\/capital-sa\/?p=1115"},"modified":"2020-12-22T20:23:45","modified_gmt":"2020-12-22T23:23:45","slug":"criatividade-em-nome-de-uma-causa","status":"publish","type":"post","link":"https:\/\/blogs.correiobraziliense.com.br\/capital-sa\/2020\/12\/23\/criatividade-em-nome-de-uma-causa\/","title":{"rendered":"Criatividade em nome de uma causa"},"content":{"rendered":"<p>A LUMAS \u00e9 uma empresa de moda brasiliense criada este ano por tr\u00eas jovens mulheres que decidiram se lan\u00e7ar como empreendedoras. Nasceu com o desejo de promover o protagonismo feminino, por meio de mensagens de impacto em um neg\u00f3cio sustent\u00e1vel.<\/p>\n<p>Fernanda Sales, Laura Christine e Yasmin Franklin s\u00e3o os nomes \u00e0 frente da marca de camisetas. Fernanda, 37 anos, \u00e9 cientista pol\u00edtica, formada na UnB, e trabalhou na \u00e1rea de marketing da Ambev. Yasmin, 25, \u00e9 bi\u00f3loga formada, pelo UniCeub. E Laura, 21, estudante de design gr\u00e1fico no IESB.<\/p>\n<p><img loading=\"lazy\" decoding=\"async\" class=\"aligncenter size-medium wp-image-1117\" src=\"https:\/\/blogs.correiobraziliense.com.br\/capital-sa\/wp-content\/uploads\/sites\/59\/2020\/12\/m1-200x300.jpg\" alt=\"\" width=\"200\" height=\"300\" srcset=\"https:\/\/blogs.correiobraziliense.com.br\/capital-sa\/wp-content\/uploads\/sites\/59\/2020\/12\/m1-200x300.jpg 200w, https:\/\/blogs.correiobraziliense.com.br\/capital-sa\/wp-content\/uploads\/sites\/59\/2020\/12\/m1-768x1152.jpg 768w, https:\/\/blogs.correiobraziliense.com.br\/capital-sa\/wp-content\/uploads\/sites\/59\/2020\/12\/m1-682x1024.jpg 682w, https:\/\/blogs.correiobraziliense.com.br\/capital-sa\/wp-content\/uploads\/sites\/59\/2020\/12\/m1-800x1200.jpg 800w, https:\/\/blogs.correiobraziliense.com.br\/capital-sa\/wp-content\/uploads\/sites\/59\/2020\/12\/m1-550x825.jpg 550w, https:\/\/blogs.correiobraziliense.com.br\/capital-sa\/wp-content\/uploads\/sites\/59\/2020\/12\/m1-230x345.jpg 230w, https:\/\/blogs.correiobraziliense.com.br\/capital-sa\/wp-content\/uploads\/sites\/59\/2020\/12\/m1.jpg 853w\" sizes=\"auto, (max-width: 200px) 100vw, 200px\" \/><\/p>\n<h3><\/h3>\n<h3>Engajamento<\/h3>\n<p>Consumir com prop\u00f3sito, aliado a uma causa, faz parte hoje do comportamento das pessoas. Engajadas nisso, lan\u00e7aram a cole\u00e7\u00e3o C\u00e1psula, que inclui camisetas, home spray para roupas e ambientes, fl\u00e2mula decorativa e ecobag.<\/p>\n<p><img loading=\"lazy\" decoding=\"async\" class=\"aligncenter size-medium wp-image-1119\" src=\"https:\/\/blogs.correiobraziliense.com.br\/capital-sa\/wp-content\/uploads\/sites\/59\/2020\/12\/m-8-200x300.jpg\" alt=\"\" width=\"200\" height=\"300\" srcset=\"https:\/\/blogs.correiobraziliense.com.br\/capital-sa\/wp-content\/uploads\/sites\/59\/2020\/12\/m-8-200x300.jpg 200w, https:\/\/blogs.correiobraziliense.com.br\/capital-sa\/wp-content\/uploads\/sites\/59\/2020\/12\/m-8-682x1024.jpg 682w, https:\/\/blogs.correiobraziliense.com.br\/capital-sa\/wp-content\/uploads\/sites\/59\/2020\/12\/m-8-550x826.jpg 550w, https:\/\/blogs.correiobraziliense.com.br\/capital-sa\/wp-content\/uploads\/sites\/59\/2020\/12\/m-8-230x345.jpg 230w, https:\/\/blogs.correiobraziliense.com.br\/capital-sa\/wp-content\/uploads\/sites\/59\/2020\/12\/m-8.jpg 762w\" sizes=\"auto, (max-width: 200px) 100vw, 200px\" \/><\/p>\n<p>&nbsp;<\/p>\n<h3>Autoestima<\/h3>\n<blockquote><p>\u201cEstamos superempolgadas com a nova cole\u00e7\u00e3o, que criamos com muito cuidado e pesquisa para empoderar ainda mais mulheres\u201d, diz <strong>Fernanda Sales<\/strong>.<\/p><\/blockquote>\n<p>S\u00e3o 16 modelos de camisetas com frases que refor\u00e7am a autoestima feminina.<\/p>\n<p>&nbsp;<\/p>\n<h3>Diversidade<\/h3>\n<p>Toda a cadeia produtiva da LUMAS \u00e9 de mulheres, e sua produ\u00e7\u00e3o valoriza a diversidade e a cultura local, al\u00e9m da utiliza\u00e7\u00e3o de materiais ecofriendly.<\/p>\n<p>Confira no site <a href=\"http:\/\/www.lumasfly.com.br\">www.lumasfly.com.br<\/a> ou na loja Guide Shop LUMAS, no Casa Park.<\/p>\n","protected":false},"excerpt":{"rendered":"<p>A LUMAS \u00e9 uma empresa de moda brasiliense criada este ano por tr\u00eas jovens mulheres que decidiram se lan\u00e7ar como empreendedoras. Nasceu com o desejo de promover o protagonismo feminino, por meio de mensagens de impacto em um neg\u00f3cio sustent\u00e1vel. Fernanda Sales, Laura Christine e Yasmin Franklin s\u00e3o os nomes \u00e0 frente da marca de camisetas. Fernanda, 37 anos, \u00e9 [&hellip;]<\/p>\n","protected":false},"author":125,"featured_media":1116,"comment_status":"open","ping_status":"open","sticky":false,"template":"","format":"standard","meta":{"footnotes":""},"categories":[6],"tags":[357,355,326,2,55],"class_list":["post-1115","post","type-post","status-publish","format-standard","has-post-thumbnail","hentry","category-coluna-capital-s-a","tag-casapark","tag-lumas","tag-sustentabilidade","tag-empreendedorismo","tag-moda"],"_links":{"self":[{"href":"https:\/\/blogs.correiobraziliense.com.br\/capital-sa\/wp-json\/wp\/v2\/posts\/1115","targetHints":{"allow":["GET"]}}],"collection":[{"href":"https:\/\/blogs.correiobraziliense.com.br\/capital-sa\/wp-json\/wp\/v2\/posts"}],"about":[{"href":"https:\/\/blogs.correiobraziliense.com.br\/capital-sa\/wp-json\/wp\/v2\/types\/post"}],"author":[{"embeddable":true,"href":"https:\/\/blogs.correiobraziliense.com.br\/capital-sa\/wp-json\/wp\/v2\/users\/125"}],"replies":[{"embeddable":true,"href":"https:\/\/blogs.correiobraziliense.com.br\/capital-sa\/wp-json\/wp\/v2\/comments?post=1115"}],"version-history":[{"count":2,"href":"https:\/\/blogs.correiobraziliense.com.br\/capital-sa\/wp-json\/wp\/v2\/posts\/1115\/revisions"}],"predecessor-version":[{"id":1121,"href":"https:\/\/blogs.correiobraziliense.com.br\/capital-sa\/wp-json\/wp\/v2\/posts\/1115\/revisions\/1121"}],"wp:featuredmedia":[{"embeddable":true,"href":"https:\/\/blogs.correiobraziliense.com.br\/capital-sa\/wp-json\/wp\/v2\/media\/1116"}],"wp:attachment":[{"href":"https:\/\/blogs.correiobraziliense.com.br\/capital-sa\/wp-json\/wp\/v2\/media?parent=1115"}],"wp:term":[{"taxonomy":"category","embeddable":true,"href":"https:\/\/blogs.correiobraziliense.com.br\/capital-sa\/wp-json\/wp\/v2\/categories?post=1115"},{"taxonomy":"post_tag","embeddable":true,"href":"https:\/\/blogs.correiobraziliense.com.br\/capital-sa\/wp-json\/wp\/v2\/tags?post=1115"}],"curies":[{"name":"wp","href":"https:\/\/api.w.org\/{rel}","templated":true}]}}