{"id":11121,"date":"2022-12-15T14:16:48","date_gmt":"2022-12-15T17:16:48","guid":{"rendered":"https:\/\/blogs.correiobraziliense.com.br\/capital-sa\/?p=11121"},"modified":"2022-12-21T12:30:08","modified_gmt":"2022-12-21T15:30:08","slug":"gdf-vai-entregar-10-mil-cheques-de-r-15-mil","status":"publish","type":"post","link":"https:\/\/blogs.correiobraziliense.com.br\/capital-sa\/2022\/12\/15\/gdf-vai-entregar-10-mil-cheques-de-r-15-mil\/","title":{"rendered":"GDF vai entregar 10 mil cheques de R$ 15 mil"},"content":{"rendered":"<p><b>Por Samanta Sallum\u00a0<\/b><\/p>\n<p class=\"p1\">Est\u00e1 previsto dentro do programa habitacional para o segundo mandato do governo Ibaneis Rocha, no DF, projeto de financiamento de habita\u00e7\u00f5es populares. E foi anunciado que ser\u00e3o entregues a 10 mil pessoas, previamente habilitadas, cheques no valor de R$ 15 mil para que possam dar de entrada na compra da casa pr\u00f3pria.<\/p>\n<p>O dinheiro ser\u00e1 repassado pela Companhia de Desenvolvimento Habitacional do DF (Codhab).<\/p>\n<p class=\"p1\"><span class=\"s1\">A informa\u00e7\u00e3o faz parte do plano de gest\u00e3o, para os pr\u00f3ximos 4 anos, apresentado pelo secret\u00e1rio Jos\u00e9 Humberto Pires, que foi o coordenador do governo de transi\u00e7\u00e3o local. E \u00e9 uma novidade.<\/span><\/p>\n<p class=\"p1\"><span class=\"s1\">A previs\u00e3o \u00e9 entregar 43 mil casas e apartamentos populares at\u00e9 2026.<\/span><\/p>\n<p class=\"p1\"><span class=\"s1\">No setor da sa\u00fade p\u00fablica, afirmou que ser\u00e1 constru\u00eddo o Hospital do Servidor. Na parte mais administrativa, foi sinalizada a unifica\u00e7\u00e3o das secretarias de Trabalho com Desenvolvimento Econ\u00f4mico.<\/span><\/p>\n<p class=\"p1\"><span class=\"s1\"><b>Teatro Nacional <\/b><\/span><\/p>\n<p class=\"p1\"><span class=\"s1\">No dia 20 de janeiro, ser\u00e1\u00a0<\/span>assinada, em cerim\u00f4nia oficial, no Teatro Nacional , a ordem de servi\u00e7o para in\u00edcio da reforma da Sala Martins Pena. \u201cE o BRB vai patrocinar a reforma da Villa-Lobos\u201d, acrescentou Jos\u00e9 Humberto.<\/p>\n<p>O secret\u00e1rio de Governo foi o convidado especial do almo\u00e7o-debate do Grupo de Lideran\u00e7as Empresariais de Bras\u00edlia (Lide). O anfitri\u00e3o foi o empres\u00e1rio Paulo Oct\u00e1vio, que \u00e9 o presidente da entidade.<\/p>\n<p>&nbsp;<\/p>\n","protected":false},"excerpt":{"rendered":"<p>Por Samanta Sallum\u00a0 Est\u00e1 previsto dentro do programa habitacional para o segundo mandato do governo Ibaneis Rocha, no DF, projeto de financiamento de habita\u00e7\u00f5es populares. E foi anunciado que ser\u00e3o entregues a 10 mil pessoas, previamente habilitadas, cheques no valor de R$ 15 mil para que possam dar de entrada na compra da casa pr\u00f3pria. O dinheiro ser\u00e1 repassado pela [&hellip;]<\/p>\n","protected":false},"author":125,"featured_media":11125,"comment_status":"open","ping_status":"open","sticky":false,"template":"","format":"standard","meta":{"footnotes":""},"categories":[6],"tags":[113,1718,1719,1717,203,1544,656,459,745],"class_list":["post-11121","post","type-post","status-publish","format-standard","has-post-thumbnail","hentry","category-coluna-capital-s-a","tag-brb","tag-casapropria","tag-casaspopulares","tag-cheques","tag-gdf","tag-habitacao","tag-reforma","tag-teatro","tag-teatronacional"],"_links":{"self":[{"href":"https:\/\/blogs.correiobraziliense.com.br\/capital-sa\/wp-json\/wp\/v2\/posts\/11121","targetHints":{"allow":["GET"]}}],"collection":[{"href":"https:\/\/blogs.correiobraziliense.com.br\/capital-sa\/wp-json\/wp\/v2\/posts"}],"about":[{"href":"https:\/\/blogs.correiobraziliense.com.br\/capital-sa\/wp-json\/wp\/v2\/types\/post"}],"author":[{"embeddable":true,"href":"https:\/\/blogs.correiobraziliense.com.br\/capital-sa\/wp-json\/wp\/v2\/users\/125"}],"replies":[{"embeddable":true,"href":"https:\/\/blogs.correiobraziliense.com.br\/capital-sa\/wp-json\/wp\/v2\/comments?post=11121"}],"version-history":[{"count":11,"href":"https:\/\/blogs.correiobraziliense.com.br\/capital-sa\/wp-json\/wp\/v2\/posts\/11121\/revisions"}],"predecessor-version":[{"id":11199,"href":"https:\/\/blogs.correiobraziliense.com.br\/capital-sa\/wp-json\/wp\/v2\/posts\/11121\/revisions\/11199"}],"wp:featuredmedia":[{"embeddable":true,"href":"https:\/\/blogs.correiobraziliense.com.br\/capital-sa\/wp-json\/wp\/v2\/media\/11125"}],"wp:attachment":[{"href":"https:\/\/blogs.correiobraziliense.com.br\/capital-sa\/wp-json\/wp\/v2\/media?parent=11121"}],"wp:term":[{"taxonomy":"category","embeddable":true,"href":"https:\/\/blogs.correiobraziliense.com.br\/capital-sa\/wp-json\/wp\/v2\/categories?post=11121"},{"taxonomy":"post_tag","embeddable":true,"href":"https:\/\/blogs.correiobraziliense.com.br\/capital-sa\/wp-json\/wp\/v2\/tags?post=11121"}],"curies":[{"name":"wp","href":"https:\/\/api.w.org\/{rel}","templated":true}]}}