{"id":11101,"date":"2022-12-14T14:37:30","date_gmt":"2022-12-14T17:37:30","guid":{"rendered":"https:\/\/blogs.correiobraziliense.com.br\/capital-sa\/?p=11101"},"modified":"2022-12-21T12:55:37","modified_gmt":"2022-12-21T15:55:37","slug":"cni-manifesta-confianca-em-gestao-de-mercadante-no-bndes","status":"publish","type":"post","link":"https:\/\/blogs.correiobraziliense.com.br\/capital-sa\/2022\/12\/14\/cni-manifesta-confianca-em-gestao-de-mercadante-no-bndes\/","title":{"rendered":"CNI manifesta \u201cconfian\u00e7a\u201d em gest\u00e3o de Mercadante no BNDES"},"content":{"rendered":"<p><b>Por Samanta Sallum\u00a0<\/b><\/p>\n<p class=\"p1\"><span class=\"s1\">\u201cMercadante tem uma trajet\u00f3ria de interlocu\u00e7\u00e3o franca e aberta com a ind\u00fastria e conhece as for\u00e7as e os desafios de quem produz e empreende no Brasil\u201d, afirmou o presidente da\u00a0<\/span>Confedera\u00e7\u00e3o Nacional da Ind\u00fastria (CNI), Robson Braga.<\/p>\n<p>A entidade, que teve uma inclina\u00e7\u00e3o bolsonarista nas elei\u00e7\u00f5es, manifestou hoje oficialmente \u201cconfiar na capacidade de Aloizio Mercadante, indicado pelo presidente eleito, Luiz In\u00e1cio Lula da Silva, para presidir o BNDES, de coordenar os trabalhos do maior banco de fomento do pa\u00eds e direcionar os seus esfor\u00e7os para uma atua\u00e7\u00e3o focada no apoio ao fortalecimento do setor produtivo e na implementa\u00e7\u00e3o de estrat\u00e9gias que contribuam para o crescimento sustentado da economia&#8221;.<\/p>\n","protected":false},"excerpt":{"rendered":"<p>Por Samanta Sallum\u00a0 \u201cMercadante tem uma trajet\u00f3ria de interlocu\u00e7\u00e3o franca e aberta com a ind\u00fastria e conhece as for\u00e7as e os desafios de quem produz e empreende no Brasil\u201d, afirmou o presidente da\u00a0Confedera\u00e7\u00e3o Nacional da Ind\u00fastria (CNI), Robson Braga. A entidade, que teve uma inclina\u00e7\u00e3o bolsonarista nas elei\u00e7\u00f5es, manifestou hoje oficialmente \u201cconfiar na capacidade de Aloizio Mercadante, indicado pelo presidente [&hellip;]<\/p>\n","protected":false},"author":125,"featured_media":11104,"comment_status":"open","ping_status":"open","sticky":false,"template":"","format":"standard","meta":{"footnotes":""},"categories":[6],"tags":[1723,335,548,1722,64],"class_list":["post-11101","post","type-post","status-publish","format-standard","has-post-thumbnail","hentry","category-coluna-capital-s-a","tag-bndes","tag-confianca","tag-gestao","tag-mercadante","tag-cni"],"_links":{"self":[{"href":"https:\/\/blogs.correiobraziliense.com.br\/capital-sa\/wp-json\/wp\/v2\/posts\/11101","targetHints":{"allow":["GET"]}}],"collection":[{"href":"https:\/\/blogs.correiobraziliense.com.br\/capital-sa\/wp-json\/wp\/v2\/posts"}],"about":[{"href":"https:\/\/blogs.correiobraziliense.com.br\/capital-sa\/wp-json\/wp\/v2\/types\/post"}],"author":[{"embeddable":true,"href":"https:\/\/blogs.correiobraziliense.com.br\/capital-sa\/wp-json\/wp\/v2\/users\/125"}],"replies":[{"embeddable":true,"href":"https:\/\/blogs.correiobraziliense.com.br\/capital-sa\/wp-json\/wp\/v2\/comments?post=11101"}],"version-history":[{"count":8,"href":"https:\/\/blogs.correiobraziliense.com.br\/capital-sa\/wp-json\/wp\/v2\/posts\/11101\/revisions"}],"predecessor-version":[{"id":11202,"href":"https:\/\/blogs.correiobraziliense.com.br\/capital-sa\/wp-json\/wp\/v2\/posts\/11101\/revisions\/11202"}],"wp:featuredmedia":[{"embeddable":true,"href":"https:\/\/blogs.correiobraziliense.com.br\/capital-sa\/wp-json\/wp\/v2\/media\/11104"}],"wp:attachment":[{"href":"https:\/\/blogs.correiobraziliense.com.br\/capital-sa\/wp-json\/wp\/v2\/media?parent=11101"}],"wp:term":[{"taxonomy":"category","embeddable":true,"href":"https:\/\/blogs.correiobraziliense.com.br\/capital-sa\/wp-json\/wp\/v2\/categories?post=11101"},{"taxonomy":"post_tag","embeddable":true,"href":"https:\/\/blogs.correiobraziliense.com.br\/capital-sa\/wp-json\/wp\/v2\/tags?post=11101"}],"curies":[{"name":"wp","href":"https:\/\/api.w.org\/{rel}","templated":true}]}}