{"id":1108,"date":"2020-12-22T08:05:37","date_gmt":"2020-12-22T11:05:37","guid":{"rendered":"https:\/\/blogs.correiobraziliense.com.br\/capital-sa\/?p=1108"},"modified":"2020-12-21T19:47:13","modified_gmt":"2020-12-21T22:47:13","slug":"arte-um-bom-negocio","status":"publish","type":"post","link":"https:\/\/blogs.correiobraziliense.com.br\/capital-sa\/2020\/12\/22\/arte-um-bom-negocio\/","title":{"rendered":"Arte, um bom neg\u00f3cio"},"content":{"rendered":"<p>A Casa Albuquerque Arte Contempor\u00e2nea chegou a Bras\u00edlia em mar\u00e7o, pouco antes de as medidas restritivas serem impostas pela pandemia. Agora, o espa\u00e7o na QI 05 do Lago Sul foi reaberto. A galeria \u00e9 de Belo Horizonte, uma extens\u00e3o do trabalho pioneiro da galerista Celma Albuquerque. Atuando h\u00e1 mais de 30 anos no mercado de arte brasileiro, os irm\u00e3os e s\u00f3cios Flavia Albuquerque e Lucio Albuquerque d\u00e3o prosseguimento ao legado da m\u00e3e neste novo empreendimento no Distrito Federal. A galeria vem movimentando o mercado de arte local, com a realiza\u00e7\u00e3o de exposi\u00e7\u00f5es individuais e coletivas, al\u00e9m de oferecer o que h\u00e1 de melhor na produ\u00e7\u00e3o da arte contempor\u00e2nea brasileira. No acervo, Amilcar de Castro, Arc\u00e2ngelo Ianelli, Antonio Dias, Volpi entre outros.<\/p>\n<p>&nbsp;<\/p>\n<p><img loading=\"lazy\" decoding=\"async\" class=\"aligncenter size-medium wp-image-1110\" src=\"https:\/\/blogs.correiobraziliense.com.br\/capital-sa\/wp-content\/uploads\/sites\/59\/2020\/12\/g-2-300x196.jpg\" alt=\"\" width=\"300\" height=\"196\" srcset=\"https:\/\/blogs.correiobraziliense.com.br\/capital-sa\/wp-content\/uploads\/sites\/59\/2020\/12\/g-2-300x196.jpg 300w, https:\/\/blogs.correiobraziliense.com.br\/capital-sa\/wp-content\/uploads\/sites\/59\/2020\/12\/g-2-550x359.jpg 550w, https:\/\/blogs.correiobraziliense.com.br\/capital-sa\/wp-content\/uploads\/sites\/59\/2020\/12\/g-2-230x150.jpg 230w, https:\/\/blogs.correiobraziliense.com.br\/capital-sa\/wp-content\/uploads\/sites\/59\/2020\/12\/g-2.jpg 640w\" sizes=\"auto, (max-width: 300px) 100vw, 300px\" \/><\/p>\n","protected":false},"excerpt":{"rendered":"<p>A Casa Albuquerque Arte Contempor\u00e2nea chegou a Bras\u00edlia em mar\u00e7o, pouco antes de as medidas restritivas serem impostas pela pandemia. Agora, o espa\u00e7o na QI 05 do Lago Sul foi reaberto. A galeria \u00e9 de Belo Horizonte, uma extens\u00e3o do trabalho pioneiro da galerista Celma Albuquerque. Atuando h\u00e1 mais de 30 anos no mercado de arte brasileiro, os irm\u00e3os e [&hellip;]<\/p>\n","protected":false},"author":125,"featured_media":1109,"comment_status":"open","ping_status":"open","sticky":false,"template":"","format":"standard","meta":{"footnotes":""},"categories":[6],"tags":[181,124,353,354],"class_list":["post-1108","post","type-post","status-publish","format-standard","has-post-thumbnail","hentry","category-coluna-capital-s-a","tag-arte","tag-brasilia","tag-casaalbuquerque","tag-celiaalbuquerque"],"_links":{"self":[{"href":"https:\/\/blogs.correiobraziliense.com.br\/capital-sa\/wp-json\/wp\/v2\/posts\/1108","targetHints":{"allow":["GET"]}}],"collection":[{"href":"https:\/\/blogs.correiobraziliense.com.br\/capital-sa\/wp-json\/wp\/v2\/posts"}],"about":[{"href":"https:\/\/blogs.correiobraziliense.com.br\/capital-sa\/wp-json\/wp\/v2\/types\/post"}],"author":[{"embeddable":true,"href":"https:\/\/blogs.correiobraziliense.com.br\/capital-sa\/wp-json\/wp\/v2\/users\/125"}],"replies":[{"embeddable":true,"href":"https:\/\/blogs.correiobraziliense.com.br\/capital-sa\/wp-json\/wp\/v2\/comments?post=1108"}],"version-history":[{"count":3,"href":"https:\/\/blogs.correiobraziliense.com.br\/capital-sa\/wp-json\/wp\/v2\/posts\/1108\/revisions"}],"predecessor-version":[{"id":1113,"href":"https:\/\/blogs.correiobraziliense.com.br\/capital-sa\/wp-json\/wp\/v2\/posts\/1108\/revisions\/1113"}],"wp:featuredmedia":[{"embeddable":true,"href":"https:\/\/blogs.correiobraziliense.com.br\/capital-sa\/wp-json\/wp\/v2\/media\/1109"}],"wp:attachment":[{"href":"https:\/\/blogs.correiobraziliense.com.br\/capital-sa\/wp-json\/wp\/v2\/media?parent=1108"}],"wp:term":[{"taxonomy":"category","embeddable":true,"href":"https:\/\/blogs.correiobraziliense.com.br\/capital-sa\/wp-json\/wp\/v2\/categories?post=1108"},{"taxonomy":"post_tag","embeddable":true,"href":"https:\/\/blogs.correiobraziliense.com.br\/capital-sa\/wp-json\/wp\/v2\/tags?post=1108"}],"curies":[{"name":"wp","href":"https:\/\/api.w.org\/{rel}","templated":true}]}}