{"id":11067,"date":"2022-12-13T13:01:32","date_gmt":"2022-12-13T16:01:32","guid":{"rendered":"https:\/\/blogs.correiobraziliense.com.br\/capital-sa\/?p=11067"},"modified":"2022-12-21T14:05:36","modified_gmt":"2022-12-21T17:05:36","slug":"cristiano-araujo-confirmado-como-secretario-de-turismo-no-df","status":"publish","type":"post","link":"https:\/\/blogs.correiobraziliense.com.br\/capital-sa\/2022\/12\/13\/cristiano-araujo-confirmado-como-secretario-de-turismo-no-df\/","title":{"rendered":"Cristiano Ara\u00fajo confirmado como secret\u00e1rio de Turismo no DF"},"content":{"rendered":"<p class=\"p1\"><b>Por Samanta Sallum\u00a0<\/b><\/p>\n<p class=\"p1\"><span class=\"s1\">O ex-deputado distrital Cristiano Ara\u00fajo ser\u00e1 o secret\u00e1rio de Turismo do GDF no pr\u00f3ximo mandato do governador Ibaneis Rocha. Ele migrou do PSD para o MDB no in\u00edcio do ano e foi candidato a uma vaga na C\u00e2mara Legislativa. Teve cerca de 15 mil votos, sendo o 31\u00ba mais votado.<\/span><\/p>\n<p class=\"p1\">As entidades representativas\u00a0 do setor do turismo no DF estavam em grande expectativa para o an\u00fancio do novo secret\u00e1rio da pasta. Elogiaram o governador Ibaneis Rocha por ter pedido ao segmento sugest\u00f5es de nomes.<\/p>\n<p class=\"p1\"><span class=\"s1\">A Fecom\u00e9rcio-DF tinha entregue uma lista com tr\u00eas:\u00a0Luis Otavio Rocha Neves, presidente \u00a0da C\u00e2mara de turismo da Fecom\u00e9rcio;\u00a0William Frederico Carneiro de Almeida &#8211; atual secret\u00e1rio; e\u00a0Lamark Freire &#8211; presidente do Sindetur.\u00a0<\/span>Nenhum deles foi escolhido.<\/p>\n<p class=\"p1\"><span class=\"s1\"> No entanto, a ex-diretora regional do Senac-DF Karine C\u00e2mara foi indicada para ser a secret\u00e1ria executiva da pasta. Teve como padrinho Leonardo Prudente, que \u00e9 da dire\u00e7\u00e3o da Fecom\u00e9rcio e \u00e9 pai de Rafael Prudente, presidente da C\u00e2mara Legislativa e presidente regional do MDB.<\/span><\/p>\n<p>Cristiano Ara\u00fajo foi distrital por tr\u00eas mandatos consecutivos at\u00e9 2018. A Fecom\u00e9rcio n\u00e3o tinha, no primeiro momento, indicado apoio ao ex-distrital. Mas ele reuniu nove entidades do setor para indic\u00e1-lo. Entre elas, a Abrasel no DF, que \u00e9 presidida por Beto Pinheiro, s\u00f3cio dos restaurantes Coco Bambu e Vasto.<\/p>\n","protected":false},"excerpt":{"rendered":"<p>Por Samanta Sallum\u00a0 O ex-deputado distrital Cristiano Ara\u00fajo ser\u00e1 o secret\u00e1rio de Turismo do GDF no pr\u00f3ximo mandato do governador Ibaneis Rocha. Ele migrou do PSD para o MDB no in\u00edcio do ano e foi candidato a uma vaga na C\u00e2mara Legislativa. Teve cerca de 15 mil votos, sendo o 31\u00ba mais votado. As entidades representativas\u00a0 do setor do turismo [&hellip;]<\/p>\n","protected":false},"author":125,"featured_media":11075,"comment_status":"open","ping_status":"open","sticky":false,"template":"","format":"standard","meta":{"footnotes":""},"categories":[6],"tags":[1726,734,203,870,333],"class_list":["post-11067","post","type-post","status-publish","format-standard","has-post-thumbnail","hentry","category-coluna-capital-s-a","tag-cristianoaraujo","tag-fecomercio-df","tag-gdf","tag-secretario","tag-turismo"],"_links":{"self":[{"href":"https:\/\/blogs.correiobraziliense.com.br\/capital-sa\/wp-json\/wp\/v2\/posts\/11067","targetHints":{"allow":["GET"]}}],"collection":[{"href":"https:\/\/blogs.correiobraziliense.com.br\/capital-sa\/wp-json\/wp\/v2\/posts"}],"about":[{"href":"https:\/\/blogs.correiobraziliense.com.br\/capital-sa\/wp-json\/wp\/v2\/types\/post"}],"author":[{"embeddable":true,"href":"https:\/\/blogs.correiobraziliense.com.br\/capital-sa\/wp-json\/wp\/v2\/users\/125"}],"replies":[{"embeddable":true,"href":"https:\/\/blogs.correiobraziliense.com.br\/capital-sa\/wp-json\/wp\/v2\/comments?post=11067"}],"version-history":[{"count":16,"href":"https:\/\/blogs.correiobraziliense.com.br\/capital-sa\/wp-json\/wp\/v2\/posts\/11067\/revisions"}],"predecessor-version":[{"id":11205,"href":"https:\/\/blogs.correiobraziliense.com.br\/capital-sa\/wp-json\/wp\/v2\/posts\/11067\/revisions\/11205"}],"wp:featuredmedia":[{"embeddable":true,"href":"https:\/\/blogs.correiobraziliense.com.br\/capital-sa\/wp-json\/wp\/v2\/media\/11075"}],"wp:attachment":[{"href":"https:\/\/blogs.correiobraziliense.com.br\/capital-sa\/wp-json\/wp\/v2\/media?parent=11067"}],"wp:term":[{"taxonomy":"category","embeddable":true,"href":"https:\/\/blogs.correiobraziliense.com.br\/capital-sa\/wp-json\/wp\/v2\/categories?post=11067"},{"taxonomy":"post_tag","embeddable":true,"href":"https:\/\/blogs.correiobraziliense.com.br\/capital-sa\/wp-json\/wp\/v2\/tags?post=11067"}],"curies":[{"name":"wp","href":"https:\/\/api.w.org\/{rel}","templated":true}]}}