{"id":11050,"date":"2022-12-12T18:27:22","date_gmt":"2022-12-12T21:27:22","guid":{"rendered":"https:\/\/blogs.correiobraziliense.com.br\/capital-sa\/?p=11050"},"modified":"2022-12-21T14:07:00","modified_gmt":"2022-12-21T17:07:00","slug":"pais-segue-rito-democratico-destaca-ibaneis-na-diplomacao-de-lula","status":"publish","type":"post","link":"https:\/\/blogs.correiobraziliense.com.br\/capital-sa\/2022\/12\/12\/pais-segue-rito-democratico-destaca-ibaneis-na-diplomacao-de-lula\/","title":{"rendered":"\u201cPa\u00eds segue rito democr\u00e1tico\u201d, destaca Ibaneis na diploma\u00e7\u00e3o de Lula"},"content":{"rendered":"<p class=\"p1\"><b>Por Samanta Sallum\u00a0<\/b><\/p>\n<p class=\"p1\"><span class=\"s1\">O governador do Distrito Federal, Ibaneis Rocha (MDB), participou da diploma\u00e7\u00e3o dos eleitos para a Presid\u00eancia da Rep\u00fablica nas Elei\u00e7\u00f5es 2022, no Tribunal Superior Eleitoral (TSE), na tarde desta segunda-feira (12).<br \/>\n<\/span><\/p>\n<p class=\"p1\"><span class=\"s1\">Ibaneis desejou \u201cboa sorte\u201d ao presidente Luiz In\u00e1cio Lula da Silva (PT) e ao vice-presidente, Geraldo Alckmin (PSB). Afirmou que quer fazer uma gest\u00e3o local em parceria com a federal.<\/span><\/p>\n<p class=\"p1\"><span class=\"s1\">\u201cCom um presidente diplomado, o pa\u00eds segue o rito democr\u00e1tico. A partir da posse, em 1\u00ba de janeiro, um novo ciclo come\u00e7a em nosso pa\u00eds. Parabenizo o presidente eleito, Luiz In\u00e1cio Lula da Silva, assim como o vice-presidente eleito, Geraldo Alckmin, desejando sorte e que tenham condi\u00e7\u00f5es de fazer um bom governo. De minha parte, espero trabalhar da forma mais coesa e integrada poss\u00edvel para o bem do DF e do pa\u00eds\u201d, afirmou o governador.<\/span><\/p>\n","protected":false},"excerpt":{"rendered":"<p>Por Samanta Sallum\u00a0 O governador do Distrito Federal, Ibaneis Rocha (MDB), participou da diploma\u00e7\u00e3o dos eleitos para a Presid\u00eancia da Rep\u00fablica nas Elei\u00e7\u00f5es 2022, no Tribunal Superior Eleitoral (TSE), na tarde desta segunda-feira (12). Ibaneis desejou \u201cboa sorte\u201d ao presidente Luiz In\u00e1cio Lula da Silva (PT) e ao vice-presidente, Geraldo Alckmin (PSB). Afirmou que quer fazer uma gest\u00e3o local em [&hellip;]<\/p>\n","protected":false},"author":125,"featured_media":11053,"comment_status":"open","ping_status":"open","sticky":false,"template":"","format":"standard","meta":{"footnotes":""},"categories":[6],"tags":[1727,1268,1165,70],"class_list":["post-11050","post","type-post","status-publish","format-standard","has-post-thumbnail","hentry","category-coluna-capital-s-a","tag-diplomacao","tag-governo","tag-lula","tag-ibaneis"],"_links":{"self":[{"href":"https:\/\/blogs.correiobraziliense.com.br\/capital-sa\/wp-json\/wp\/v2\/posts\/11050","targetHints":{"allow":["GET"]}}],"collection":[{"href":"https:\/\/blogs.correiobraziliense.com.br\/capital-sa\/wp-json\/wp\/v2\/posts"}],"about":[{"href":"https:\/\/blogs.correiobraziliense.com.br\/capital-sa\/wp-json\/wp\/v2\/types\/post"}],"author":[{"embeddable":true,"href":"https:\/\/blogs.correiobraziliense.com.br\/capital-sa\/wp-json\/wp\/v2\/users\/125"}],"replies":[{"embeddable":true,"href":"https:\/\/blogs.correiobraziliense.com.br\/capital-sa\/wp-json\/wp\/v2\/comments?post=11050"}],"version-history":[{"count":4,"href":"https:\/\/blogs.correiobraziliense.com.br\/capital-sa\/wp-json\/wp\/v2\/posts\/11050\/revisions"}],"predecessor-version":[{"id":11207,"href":"https:\/\/blogs.correiobraziliense.com.br\/capital-sa\/wp-json\/wp\/v2\/posts\/11050\/revisions\/11207"}],"wp:featuredmedia":[{"embeddable":true,"href":"https:\/\/blogs.correiobraziliense.com.br\/capital-sa\/wp-json\/wp\/v2\/media\/11053"}],"wp:attachment":[{"href":"https:\/\/blogs.correiobraziliense.com.br\/capital-sa\/wp-json\/wp\/v2\/media?parent=11050"}],"wp:term":[{"taxonomy":"category","embeddable":true,"href":"https:\/\/blogs.correiobraziliense.com.br\/capital-sa\/wp-json\/wp\/v2\/categories?post=11050"},{"taxonomy":"post_tag","embeddable":true,"href":"https:\/\/blogs.correiobraziliense.com.br\/capital-sa\/wp-json\/wp\/v2\/tags?post=11050"}],"curies":[{"name":"wp","href":"https:\/\/api.w.org\/{rel}","templated":true}]}}