{"id":1100,"date":"2020-12-22T08:00:02","date_gmt":"2020-12-22T11:00:02","guid":{"rendered":"https:\/\/blogs.correiobraziliense.com.br\/capital-sa\/?p=1100"},"modified":"2020-12-21T19:36:55","modified_gmt":"2020-12-21T22:36:55","slug":"a-brasiliense-disputada-por-multinacionais","status":"publish","type":"post","link":"https:\/\/blogs.correiobraziliense.com.br\/capital-sa\/2020\/12\/22\/a-brasiliense-disputada-por-multinacionais\/","title":{"rendered":"A brasiliense disputada por multinacionais"},"content":{"rendered":"<p><strong><br \/>\n<\/strong>A hist\u00f3ria da empresa de tecnologia CTIS come\u00e7a em 1983, quando Avaldir Oliveira e o s\u00f3cio, Elias Queiroz, decidem sair dos empregos na CEB para abrirem o pr\u00f3prio neg\u00f3cio. \u201cJuntamos nossos FGTS e criamos a empresa, que come\u00e7ou bem pequena. Faz\u00edamos tudo quase que sozinhos\u201d, lembra Avaldir. Anos se passaram e a empresa brasiliense virou a segunda maior de servi\u00e7o e suporte de inform\u00e1tica do Brasil. Expandiram para outros estados, como Rio de Janeiro, S\u00e3o Paulo e Cear\u00e1, atendendo contratos no setor p\u00fablico e privado. Chegaram a ter 11 mil funcion\u00e1rios.<\/p>\n<p>Em 2014, Avaldir e o s\u00f3cio decidiram abrir a empresa ao mercado. O faturamento naquele ano chegou a R$ 1 bilh\u00e3o. Tr\u00eas multinacionais disputaram o controle da CTIS. O grupo chileno Sonda, presente em 10 pa\u00edses da Am\u00e9rica Latina, venceu o processo.\u00a0Avaldir permaneceu na presid\u00eancia para realizar a transi\u00e7\u00e3o at\u00e9 2017. \u201cMas n\u00e3o quis me aposentar. E criei outra empresa, a B2CTecnologia. N\u00e3o consigo ficar parado, o empreendedorismo est\u00e1 na alma\u201d, conta.<\/p>\n<p>&nbsp;<\/p>\n<h3>Nova empresa com aplicativo<\/h3>\n<p>A CTIS tinha outra empresa para gerir as lojas que comercializavam computadores e produtos de inform\u00e1tica. Ela tamb\u00e9m foi vendida, mas para o grupo goiano Primetec. Agora, Avaldir est\u00e1 \u00e0 frente da empresa de transforma\u00e7\u00e3o digital que criou o aplicativo Wynk.\u00a0 Em 2 anos passaram de 1,2 mil usu\u00e1rios para 320 mil no DF. Atua na \u00e1rea do com\u00e9rcio varejista, levando para o mundo digital promo\u00e7\u00f5es especiais e campanhas de brindes e sorteios de estabelecimentos comerciais como shoppings.<\/p>\n<p>O consumidor, em vez de ter de entrar na fila nos quiosques dos shoppings parceiros para trocar notas fiscais de compras em cupons para concorrer a pr\u00eamios, pode, pelo aplicativo, fazer isso. A empresa oferece outros servi\u00e7os como Wynk Pay. \u201cUsado tamb\u00e9m como moeda, o consumidor soma pontua\u00e7\u00e3o e pode utilizar fazendo compras\u201d, explica o empres\u00e1rio, de 69 anos.<\/p>\n<p>&nbsp;<\/p>\n<h3>Receita de sucesso<\/h3>\n<blockquote><p>O segredo do sucesso est\u00e1 em colocar \u201co cora\u00e7\u00e3o na empresa e a empresa no cora\u00e7\u00e3o\u201d.<\/p><\/blockquote>\n<p>Segundo ele, a receita \u00e9 \u00e9tica com o mercado e profissionalismo com os colaboradores, os funcion\u00e1rios. \u201cT\u00ednhamos na CTIS um time muito forte. Era muito dif\u00edcil tirar um profissional do nosso quadro\u201d, afirma.<\/p>\n<p>&nbsp;<\/p>\n","protected":false},"excerpt":{"rendered":"<p>A hist\u00f3ria da empresa de tecnologia CTIS come\u00e7a em 1983, quando Avaldir Oliveira e o s\u00f3cio, Elias Queiroz, decidem sair dos empregos na CEB para abrirem o pr\u00f3prio neg\u00f3cio. \u201cJuntamos nossos FGTS e criamos a empresa, que come\u00e7ou bem pequena. Faz\u00edamos tudo quase que sozinhos\u201d, lembra Avaldir. Anos se passaram e a empresa brasiliense virou a segunda maior de servi\u00e7o [&hellip;]<\/p>\n","protected":false},"author":125,"featured_media":1101,"comment_status":"open","ping_status":"open","sticky":false,"template":"","format":"standard","meta":{"footnotes":""},"categories":[6],"tags":[348,343,342,344,345,346,347,349,2],"class_list":["post-1100","post","type-post","status-publish","format-standard","has-post-thumbnail","hentry","category-coluna-capital-s-a","tag-aplicativo","tag-avaldiroliveira","tag-ctis","tag-eliasqueiroz","tag-informatica","tag-sonda","tag-sucesso","tag-wynk","tag-empreendedorismo"],"_links":{"self":[{"href":"https:\/\/blogs.correiobraziliense.com.br\/capital-sa\/wp-json\/wp\/v2\/posts\/1100","targetHints":{"allow":["GET"]}}],"collection":[{"href":"https:\/\/blogs.correiobraziliense.com.br\/capital-sa\/wp-json\/wp\/v2\/posts"}],"about":[{"href":"https:\/\/blogs.correiobraziliense.com.br\/capital-sa\/wp-json\/wp\/v2\/types\/post"}],"author":[{"embeddable":true,"href":"https:\/\/blogs.correiobraziliense.com.br\/capital-sa\/wp-json\/wp\/v2\/users\/125"}],"replies":[{"embeddable":true,"href":"https:\/\/blogs.correiobraziliense.com.br\/capital-sa\/wp-json\/wp\/v2\/comments?post=1100"}],"version-history":[{"count":3,"href":"https:\/\/blogs.correiobraziliense.com.br\/capital-sa\/wp-json\/wp\/v2\/posts\/1100\/revisions"}],"predecessor-version":[{"id":1104,"href":"https:\/\/blogs.correiobraziliense.com.br\/capital-sa\/wp-json\/wp\/v2\/posts\/1100\/revisions\/1104"}],"wp:featuredmedia":[{"embeddable":true,"href":"https:\/\/blogs.correiobraziliense.com.br\/capital-sa\/wp-json\/wp\/v2\/media\/1101"}],"wp:attachment":[{"href":"https:\/\/blogs.correiobraziliense.com.br\/capital-sa\/wp-json\/wp\/v2\/media?parent=1100"}],"wp:term":[{"taxonomy":"category","embeddable":true,"href":"https:\/\/blogs.correiobraziliense.com.br\/capital-sa\/wp-json\/wp\/v2\/categories?post=1100"},{"taxonomy":"post_tag","embeddable":true,"href":"https:\/\/blogs.correiobraziliense.com.br\/capital-sa\/wp-json\/wp\/v2\/tags?post=1100"}],"curies":[{"name":"wp","href":"https:\/\/api.w.org\/{rel}","templated":true}]}}