{"id":10994,"date":"2022-12-07T10:54:20","date_gmt":"2022-12-07T13:54:20","guid":{"rendered":"https:\/\/blogs.correiobraziliense.com.br\/capital-sa\/?p=10994"},"modified":"2022-12-07T10:54:20","modified_gmt":"2022-12-07T13:54:20","slug":"no-df-411-das-empresas-sao-comandadas-por-mulheres","status":"publish","type":"post","link":"https:\/\/blogs.correiobraziliense.com.br\/capital-sa\/2022\/12\/07\/no-df-411-das-empresas-sao-comandadas-por-mulheres\/","title":{"rendered":"No DF, 41,1% das empresas s\u00e3o comandadas por mulheres"},"content":{"rendered":"<figure id=\"attachment_10995\" aria-describedby=\"caption-attachment-10995\" style=\"width: 1024px\" class=\"wp-caption alignleft\"><img loading=\"lazy\" decoding=\"async\" class=\"size-large wp-image-10995\" src=\"https:\/\/blogs.correiobraziliense.com.br\/capital-sa\/wp-content\/uploads\/sites\/59\/2022\/12\/empresas-1024x800.jpg\" alt=\"Mulher empres\u00e1ria. Marissa Grootes\/Unsplash\" width=\"1024\" height=\"800\" srcset=\"https:\/\/blogs.correiobraziliense.com.br\/capital-sa\/wp-content\/uploads\/sites\/59\/2022\/12\/empresas-1024x800.jpg 1024w, https:\/\/blogs.correiobraziliense.com.br\/capital-sa\/wp-content\/uploads\/sites\/59\/2022\/12\/empresas-300x234.jpg 300w, https:\/\/blogs.correiobraziliense.com.br\/capital-sa\/wp-content\/uploads\/sites\/59\/2022\/12\/empresas-768x600.jpg 768w, https:\/\/blogs.correiobraziliense.com.br\/capital-sa\/wp-content\/uploads\/sites\/59\/2022\/12\/empresas-1440x1126.jpg 1440w, https:\/\/blogs.correiobraziliense.com.br\/capital-sa\/wp-content\/uploads\/sites\/59\/2022\/12\/empresas-800x625.jpg 800w, https:\/\/blogs.correiobraziliense.com.br\/capital-sa\/wp-content\/uploads\/sites\/59\/2022\/12\/empresas-550x430.jpg 550w, https:\/\/blogs.correiobraziliense.com.br\/capital-sa\/wp-content\/uploads\/sites\/59\/2022\/12\/empresas-230x180.jpg 230w\" sizes=\"auto, (max-width: 1024px) 100vw, 1024px\" \/><figcaption id=\"caption-attachment-10995\" class=\"wp-caption-text\">Marissa Grootes\/Unsplash<\/figcaption><\/figure>\n<p><strong>Por Sibele Negromonte e Mariana Niederauer<\/strong><\/p>\n<p>Levantamento da Serasa Experian mostra que 41,1% das empresas no Distrito Federal s\u00e3o lideradas por mulheres. O \u00edndice est\u00e1 levemente acima da m\u00e9dia nacional, que \u00e9 de 40,5%, ou seja, 8,3 milh\u00f5es das 20,6 milh\u00f5es de empresas ativas no Brasil. O estudo\u00a0<em>Perfil da Empreendedora Brasileira<\/em>\u00a0mostra que o Rio de Janeiro lidera o ranking de mais empreendimentos dirigidos por mulheres (44,4%), seguido de Alagoas (43,1%), Esp\u00edrito Santo (43%) e Cear\u00e1. O DF ocupa a nona posi\u00e7\u00e3o. Tocantins \u00e9 a unidade da Federa\u00e7\u00e3o com o menor \u00edndice: 37,5%.<\/p>\n<h3><strong>An\u00e1lise nacional<\/strong><\/h3>\n<p>Do total de empresas dirigidas por mulheres no Brasil, 84,7% t\u00eam uma \u00fanica s\u00f3cia, enquanto no universo masculino esse percentual \u00e9 de 77,4%. Elas tamb\u00e9m come\u00e7am a empreender mais cedo que os homens \u2014 36,3% entre 20 e 39 anos de idade contra 32,1% deles. Quando se analisa a faixa et\u00e1ria entre 40 e 59 anos, o \u00edndice de homens e mulheres \u00e0 frente dos neg\u00f3cios \u00e9 praticamente o mesmo: 47,5% e 47,6%, respectivamente.<\/p>\n<h3><strong>\u00c1rea de atua\u00e7\u00e3o<\/strong><\/h3>\n<p>Dos 10 principais setores, o com\u00e9rcio de confec\u00e7\u00f5es em geral (10,7%) \u00e9\u00a0o mais frequente entre as mulheres, seguido de servi\u00e7o de higiene e embelezamento pessoal (10,5%) e servi\u00e7os de alimenta\u00e7\u00e3o (10%). O levantamento n\u00e3o mapeou os setores por unidade da Federa\u00e7\u00e3o.<\/p>\n<h3><strong>X\u00f4, preconceito!<\/strong><\/h3>\n<p>Provavelmente voc\u00ea j\u00e1 comeu um bolo Nega Maluca ou um doce Teta de Nega, Maria Mole\u00a0e Espera Marido e nem se deu conta de como o nome dessas tradicionais guloseimas pode ser preconceituoso e pejorativo. Idealizada pelo a\u00e7\u00facar Guarani, a campanha Respeito na Medida convida os consumidores a refletirem sobre isso e a rebatizarem essas receitas por meio de uma vota\u00e7\u00e3o on-line (guaranimaisqueacucar.com.br\/respeitonamedida). Cada voto ser\u00e1 revertido em doa\u00e7\u00e3o de R$ 1 para a ONG M\u00e3os de Maria.<\/p>\n<h3><strong>Cinema para todos<\/strong><\/h3>\n<p>A edi\u00e7\u00e3o 2022 do Vamos ao Cinema chega ao fim, mas ainda \u00e9 poss\u00edvel assistir e votar, de 11 a 17 de dezembro, nos 11 curtas metragens produzidos pelos estudantes no site vamosaocinema.org.br\/concursocultural. Patrocinado pela Oi, o projeto leva, desde 2009, a s\u00e9tima arte para alunos do ensino m\u00e9dio das escolas p\u00fablicas do DF. Al\u00e9m disso, passou a integrar a grade de disciplinas eletivas do Novo Ensino M\u00e9dio nessas unidades de ensino. As equipes de produ\u00e7\u00e3o dos tr\u00eas filmes mais votados receber\u00e3o bolsas da Brainstorm Academy para cursos on-line por um per\u00edodo de um ano.<\/p>\n<h3><strong>Economia em debate<\/strong><\/h3>\n<p>O Sindicato do Com\u00e9rcio Atacadista do DF (Sindiatacadista-DF) promove amanh\u00e3, das 12h \u00e0s 16h, o seu Encontro Empresarial 2022, na D\u00fania City Hall. Na ocasi\u00e3o, ser\u00e1 ministrada a palestra Investimentos e perspectivas de neg\u00f3cios frente ao cen\u00e1rio econ\u00f4mico mundial pelo presidente do Sindiatacadista, \u00c1lvaro Silveira J\u00fanior (<strong>foto<\/strong>), e o estrategista-chefe do BTG Pactual, Jo\u00e3o Scandiuzzi.<\/p>\n<h3><strong>Fam\u00edlias endividadas<\/strong><\/h3>\n<p>Um total de 30,3% das fam\u00edlias brasileiras t\u00eam alguma d\u00edvida em atraso. O dado faz parte da Pesquisa de Endividamento e Inadimpl\u00eancia do Consumidor (Peic), apurada mensalmente pela Confedera\u00e7\u00e3o Nacional do Com\u00e9rcio de Bens, Servi\u00e7os e Turismo (CNC). Em um ano, a inadimpl\u00eancia avan\u00e7ou 4,2 p.p., especialmente entre os mais pobres.<\/p>\n<p><strong>34,1%<\/strong><\/p>\n<p>Este \u00e9 o n\u00famero de consumidores com at\u00e9 10 sal\u00e1rios de renda mensal que atrasaram d\u00edvidas, a maior propor\u00e7\u00e3o da s\u00e9rie hist\u00f3rica, iniciada em 2010.<\/p>\n","protected":false},"excerpt":{"rendered":"<p>Por Sibele Negromonte e Mariana Niederauer Levantamento da Serasa Experian mostra que 41,1% das empresas no Distrito Federal s\u00e3o lideradas por mulheres. O \u00edndice est\u00e1 levemente acima da m\u00e9dia nacional, que \u00e9 de 40,5%, ou seja, 8,3 milh\u00f5es das 20,6 milh\u00f5es de empresas ativas no Brasil. O estudo\u00a0Perfil da Empreendedora Brasileira\u00a0mostra que o Rio de Janeiro lidera o ranking de [&hellip;]<\/p>\n","protected":false},"author":91,"featured_media":10995,"comment_status":"open","ping_status":"open","sticky":false,"template":"","format":"standard","meta":{"footnotes":""},"categories":[1],"tags":[],"class_list":["post-10994","post","type-post","status-publish","format-standard","has-post-thumbnail","hentry","category-sem-categoria"],"_links":{"self":[{"href":"https:\/\/blogs.correiobraziliense.com.br\/capital-sa\/wp-json\/wp\/v2\/posts\/10994","targetHints":{"allow":["GET"]}}],"collection":[{"href":"https:\/\/blogs.correiobraziliense.com.br\/capital-sa\/wp-json\/wp\/v2\/posts"}],"about":[{"href":"https:\/\/blogs.correiobraziliense.com.br\/capital-sa\/wp-json\/wp\/v2\/types\/post"}],"author":[{"embeddable":true,"href":"https:\/\/blogs.correiobraziliense.com.br\/capital-sa\/wp-json\/wp\/v2\/users\/91"}],"replies":[{"embeddable":true,"href":"https:\/\/blogs.correiobraziliense.com.br\/capital-sa\/wp-json\/wp\/v2\/comments?post=10994"}],"version-history":[{"count":1,"href":"https:\/\/blogs.correiobraziliense.com.br\/capital-sa\/wp-json\/wp\/v2\/posts\/10994\/revisions"}],"predecessor-version":[{"id":10996,"href":"https:\/\/blogs.correiobraziliense.com.br\/capital-sa\/wp-json\/wp\/v2\/posts\/10994\/revisions\/10996"}],"wp:featuredmedia":[{"embeddable":true,"href":"https:\/\/blogs.correiobraziliense.com.br\/capital-sa\/wp-json\/wp\/v2\/media\/10995"}],"wp:attachment":[{"href":"https:\/\/blogs.correiobraziliense.com.br\/capital-sa\/wp-json\/wp\/v2\/media?parent=10994"}],"wp:term":[{"taxonomy":"category","embeddable":true,"href":"https:\/\/blogs.correiobraziliense.com.br\/capital-sa\/wp-json\/wp\/v2\/categories?post=10994"},{"taxonomy":"post_tag","embeddable":true,"href":"https:\/\/blogs.correiobraziliense.com.br\/capital-sa\/wp-json\/wp\/v2\/tags?post=10994"}],"curies":[{"name":"wp","href":"https:\/\/api.w.org\/{rel}","templated":true}]}}