{"id":10987,"date":"2022-12-06T13:52:40","date_gmt":"2022-12-06T16:52:40","guid":{"rendered":"https:\/\/blogs.correiobraziliense.com.br\/capital-sa\/?p=10987"},"modified":"2022-12-06T13:53:26","modified_gmt":"2022-12-06T16:53:26","slug":"startup-poe-brasilia-no-mapa-mundial-dos-veiculos-eletricos","status":"publish","type":"post","link":"https:\/\/blogs.correiobraziliense.com.br\/capital-sa\/2022\/12\/06\/startup-poe-brasilia-no-mapa-mundial-dos-veiculos-eletricos\/","title":{"rendered":"Startup p\u00f5e Bras\u00edlia no mapa mundial dos ve\u00edculos el\u00e9tricos"},"content":{"rendered":"<figure id=\"attachment_10988\" aria-describedby=\"caption-attachment-10988\" style=\"width: 1024px\" class=\"wp-caption alignleft\"><img loading=\"lazy\" decoding=\"async\" class=\"size-large wp-image-10988\" src=\"https:\/\/blogs.correiobraziliense.com.br\/capital-sa\/wp-content\/uploads\/sites\/59\/2022\/12\/Q1-2022-time-1-1024x683.jpg\" alt=\"Startup de motos el\u00e9tricas do DF. Origem\/Divulga\u00e7\u00e3o\" width=\"1024\" height=\"683\" srcset=\"https:\/\/blogs.correiobraziliense.com.br\/capital-sa\/wp-content\/uploads\/sites\/59\/2022\/12\/Q1-2022-time-1-1024x683.jpg 1024w, https:\/\/blogs.correiobraziliense.com.br\/capital-sa\/wp-content\/uploads\/sites\/59\/2022\/12\/Q1-2022-time-1-300x200.jpg 300w, https:\/\/blogs.correiobraziliense.com.br\/capital-sa\/wp-content\/uploads\/sites\/59\/2022\/12\/Q1-2022-time-1-768x512.jpg 768w, https:\/\/blogs.correiobraziliense.com.br\/capital-sa\/wp-content\/uploads\/sites\/59\/2022\/12\/Q1-2022-time-1-1440x960.jpg 1440w, https:\/\/blogs.correiobraziliense.com.br\/capital-sa\/wp-content\/uploads\/sites\/59\/2022\/12\/Q1-2022-time-1-800x533.jpg 800w, https:\/\/blogs.correiobraziliense.com.br\/capital-sa\/wp-content\/uploads\/sites\/59\/2022\/12\/Q1-2022-time-1-550x367.jpg 550w, https:\/\/blogs.correiobraziliense.com.br\/capital-sa\/wp-content\/uploads\/sites\/59\/2022\/12\/Q1-2022-time-1-230x153.jpg 230w\" sizes=\"auto, (max-width: 1024px) 100vw, 1024px\" \/><figcaption id=\"caption-attachment-10988\" class=\"wp-caption-text\">Startup de motos el\u00e9tricas do DF. Origem\/Divulga\u00e7\u00e3o<\/figcaption><\/figure>\n<p><strong>Por Sibele Negromonte e Mariana Niederauer<\/strong><\/p>\n<p>Fundada em 2017 por tr\u00eas engenheiros formados na Universidade de Bras\u00edlia (UnB), a Origem coloca a capital federal na vanguarda da produ\u00e7\u00e3o de motos el\u00e9tricas no pa\u00eds e caminha cada vez mais r\u00e1pido para levar o modal sustent\u00e1vel a circular em todo o territ\u00f3rio nacional, e p\u00f4r o Brasil no cen\u00e1rio mundial de ve\u00edculos el\u00e9tricos.<\/p>\n<p>Comandada pelos s\u00f3cios Diogo Lisita, Felipe Borges e Pablo Estrela, a empresa nasceu com o objetivo de mudar esse cen\u00e1rio. &#8220;Acreditamos que meios de transporte sustent\u00e1veis e economicamente acess\u00edveis s\u00e3o um dos pilares que podem melhorar a qualidade de vida das pessoas em ambientes urbanos&#8221;, diz Diogo.<\/p>\n<p>O foco \u00e9 atender pessoas e empresas que fazem uso profissional de motocicletas, em segmentos como ronda de seguran\u00e7a para estacionamentos de shoppings e condom\u00ednios, frotistas e entregadores de aplicativos. Hoje, a empresa atende a contas como Getnet, Stone, FedEx e Taguatinga Shopping.<\/p>\n<figure id=\"attachment_10991\" aria-describedby=\"caption-attachment-10991\" style=\"width: 1024px\" class=\"wp-caption aligncenter\"><img loading=\"lazy\" decoding=\"async\" class=\"size-large wp-image-10991\" src=\"https:\/\/blogs.correiobraziliense.com.br\/capital-sa\/wp-content\/uploads\/sites\/59\/2022\/12\/origem-26984785-1024x684.jpg\" alt=\"Startup de motos el\u00e9tricas do DF. \" width=\"1024\" height=\"684\" srcset=\"https:\/\/blogs.correiobraziliense.com.br\/capital-sa\/wp-content\/uploads\/sites\/59\/2022\/12\/origem-26984785-1024x684.jpg 1024w, https:\/\/blogs.correiobraziliense.com.br\/capital-sa\/wp-content\/uploads\/sites\/59\/2022\/12\/origem-26984785-300x200.jpg 300w, https:\/\/blogs.correiobraziliense.com.br\/capital-sa\/wp-content\/uploads\/sites\/59\/2022\/12\/origem-26984785-768x513.jpg 768w, https:\/\/blogs.correiobraziliense.com.br\/capital-sa\/wp-content\/uploads\/sites\/59\/2022\/12\/origem-26984785-1440x961.jpg 1440w, https:\/\/blogs.correiobraziliense.com.br\/capital-sa\/wp-content\/uploads\/sites\/59\/2022\/12\/origem-26984785-800x534.jpg 800w, https:\/\/blogs.correiobraziliense.com.br\/capital-sa\/wp-content\/uploads\/sites\/59\/2022\/12\/origem-26984785-550x367.jpg 550w, https:\/\/blogs.correiobraziliense.com.br\/capital-sa\/wp-content\/uploads\/sites\/59\/2022\/12\/origem-26984785-230x154.jpg 230w, https:\/\/blogs.correiobraziliense.com.br\/capital-sa\/wp-content\/uploads\/sites\/59\/2022\/12\/origem-26984785.jpg 2000w\" sizes=\"auto, (max-width: 1024px) 100vw, 1024px\" \/><figcaption id=\"caption-attachment-10991\" class=\"wp-caption-text\">Startup de motos el\u00e9tricas do DF.<\/figcaption><\/figure>\n<h3>Uso por assinatura<\/h3>\n<p>As motos da Origem n\u00e3o s\u00e3o vendidas. Os clientes assinam um plano com custo fixo mensal, recebem os ve\u00edculos emplacados, customizados e com todos os itens opcionais que o piloto precisar. No plano de assinatura, a quilometragem \u00e9 livre e manuten\u00e7\u00e3o, seguro, impostos e recarga das baterias est\u00e3o inclusos. Para trocar a bateria por uma nova, basta retirar em pontos distribu\u00eddos em shoppings, supermercados e postos.<\/p>\n<h3>Investimento milion\u00e1rio<\/h3>\n<p>Todo o desenvolvimento das motos \u00e9 feito pela pr\u00f3pria empresa, em Bras\u00edlia. Ap\u00f3s receber investimento de R$ 100 milh\u00f5es, marco hist\u00f3rico no Centro-Oeste, a startup, primeira projetista e fabricante brasileira de motos el\u00e9tricas, abriu f\u00e1brica pr\u00f3pria na Zona Franca de Manaus. As motos produzidas devem come\u00e7ar a rodar no DF em 2023.<\/p>\n<h3>Pr\u00f3ximos passos<\/h3>\n<p>Mais de 2 mil motos el\u00e9tricas da Origem devem rodar nas ruas de Bras\u00edlia no curto prazo. &#8220;No m\u00e9dio prazo, queremos crescer e impactar no desenvolvimento de outros estados e cidades, fornecendo tecnologia, seguran\u00e7a e sustentabilidade \u00e0 popula\u00e7\u00e3o&#8221;, diz Diogo Lisita. Agora, a empresa busca se aproximar do Governo do Distrito Federal, com o objetivo de fomentar pol\u00edticas p\u00fablicas para a mobilidade urbana sustent\u00e1vel.<\/p>\n<h2>Collab lan\u00e7a cole\u00e7\u00e3o de \u00f3culos<\/h2>\n<p>A Tecn\u00f3tica, \u00f3tica multimarcas com quatro lojas no Distrito Federal, e a empres\u00e1ria Jana\u00edna Ortiga, que por 23 anos comandou uma das principais lojas de moda de Bras\u00edlia, a Ortiga, se uniram para criar uma cole\u00e7\u00e3o com 12 modelos de \u00f3culos em acetato, tr\u00eas de receitu\u00e1rio e um solar. As vendas resultar\u00e3o em uma boa a\u00e7\u00e3o: a cada pe\u00e7a vendida, uma ser\u00e1 doada para pessoa sem recursos para a compra de \u00f3culos.<\/p>\n<h3>Parceria antiga<\/h3>\n<p>A Collab revive a parceria entre a Tecn\u00f3tica e Janaina Ortiga, que por anos estiveram juntas na campanha 1001 Ceias, que arrecadava cestas b\u00e1sicas para serem distribu\u00eddas a pessoas em situa\u00e7\u00e3o de vulnerabilidade. A cole\u00e7\u00e3o ser\u00e1 lan\u00e7ada no dia 10, na loja da Tecn\u00f3tica, na 304 Sul.<\/p>\n<h2>Ag\u00eancia para alavancar ind\u00fastria no DF<\/h2>\n<p>Em encontro com representantes da Fibra, ontem, o governador Ibaneis Rocha disse que estuda a cria\u00e7\u00e3o de uma ag\u00eancia de investimentos para atender o setor. A amplia\u00e7\u00e3o do programa de qualifica\u00e7\u00e3o RenovaDF para novas \u00e1reas e a implementa\u00e7\u00e3o de uma C\u00e2mara de Com\u00e9rcio Exterior tamb\u00e9m foram discutidas. Em agosto, o chefe do Executivo, ent\u00e3o candidato \u00e0 reelei\u00e7\u00e3o, recebeu do presidente da Fibra, Jamal Jorge Bittar, o documento Pauta da ind\u00fastria 2023-2026 \u2014 Diretrizes para o desenvolvimento industrial do DF. Na reuni\u00e3o de ontem, foram discutidas as propostas de a\u00e7\u00e3o do documento, a exemplo de pedidos para qualifica\u00e7\u00e3o de m\u00e3o de obra, melhores condi\u00e7\u00f5es de financiamento e a implanta\u00e7\u00e3o da Pol\u00edtica de Desenvolvimento Produtivo Sustent\u00e1vel.<\/p>\n<h2>Clube gourmet<\/h2>\n<p>O chef franc\u00eas Lionel Ortega, radicado em Bras\u00edlia h\u00e1 mais de uma d\u00e9cada, lan\u00e7a um clube de assinatura de receitas gourmet. Ao custo de R$ 97 por m\u00eas ou R$ 257 por tr\u00eas meses, os assinantes recebem ensinamentos, a partir de um grande cat\u00e1logo de receitas, sobre o preparo de entradas, carnes, peixes, molhos, guarni\u00e7\u00f5es e sobremesas. Os membros do Gourmet Clube ter\u00e3o direito ainda a consultoria privada, participa\u00e7\u00e3o em grupo de WhatsApp exclusivo, duas receitas in\u00e9ditas em v\u00eddeo por m\u00eas e descontos e promo\u00e7\u00f5es para a compra de produtos para as receitas. Segundo o chef, para participar, basta gostar de gastronomia e estar em busca de novos conhecimentos em culin\u00e1ria, com t\u00e9cnicas simples e dicas preciosas para o dia a dia. Inscri\u00e7\u00f5es em www.cheflionelortega.com.br.<\/p>\n<p>&nbsp;<\/p>\n","protected":false},"excerpt":{"rendered":"<p>Por Sibele Negromonte e Mariana Niederauer Fundada em 2017 por tr\u00eas engenheiros formados na Universidade de Bras\u00edlia (UnB), a Origem coloca a capital federal na vanguarda da produ\u00e7\u00e3o de motos el\u00e9tricas no pa\u00eds e caminha cada vez mais r\u00e1pido para levar o modal sustent\u00e1vel a circular em todo o territ\u00f3rio nacional, e p\u00f4r o Brasil no cen\u00e1rio mundial de ve\u00edculos [&hellip;]<\/p>\n","protected":false},"author":91,"featured_media":10988,"comment_status":"open","ping_status":"open","sticky":false,"template":"","format":"standard","meta":{"footnotes":""},"categories":[1],"tags":[],"class_list":["post-10987","post","type-post","status-publish","format-standard","has-post-thumbnail","hentry","category-sem-categoria"],"_links":{"self":[{"href":"https:\/\/blogs.correiobraziliense.com.br\/capital-sa\/wp-json\/wp\/v2\/posts\/10987","targetHints":{"allow":["GET"]}}],"collection":[{"href":"https:\/\/blogs.correiobraziliense.com.br\/capital-sa\/wp-json\/wp\/v2\/posts"}],"about":[{"href":"https:\/\/blogs.correiobraziliense.com.br\/capital-sa\/wp-json\/wp\/v2\/types\/post"}],"author":[{"embeddable":true,"href":"https:\/\/blogs.correiobraziliense.com.br\/capital-sa\/wp-json\/wp\/v2\/users\/91"}],"replies":[{"embeddable":true,"href":"https:\/\/blogs.correiobraziliense.com.br\/capital-sa\/wp-json\/wp\/v2\/comments?post=10987"}],"version-history":[{"count":2,"href":"https:\/\/blogs.correiobraziliense.com.br\/capital-sa\/wp-json\/wp\/v2\/posts\/10987\/revisions"}],"predecessor-version":[{"id":10993,"href":"https:\/\/blogs.correiobraziliense.com.br\/capital-sa\/wp-json\/wp\/v2\/posts\/10987\/revisions\/10993"}],"wp:featuredmedia":[{"embeddable":true,"href":"https:\/\/blogs.correiobraziliense.com.br\/capital-sa\/wp-json\/wp\/v2\/media\/10988"}],"wp:attachment":[{"href":"https:\/\/blogs.correiobraziliense.com.br\/capital-sa\/wp-json\/wp\/v2\/media?parent=10987"}],"wp:term":[{"taxonomy":"category","embeddable":true,"href":"https:\/\/blogs.correiobraziliense.com.br\/capital-sa\/wp-json\/wp\/v2\/categories?post=10987"},{"taxonomy":"post_tag","embeddable":true,"href":"https:\/\/blogs.correiobraziliense.com.br\/capital-sa\/wp-json\/wp\/v2\/tags?post=10987"}],"curies":[{"name":"wp","href":"https:\/\/api.w.org\/{rel}","templated":true}]}}