{"id":10984,"date":"2022-12-05T20:17:35","date_gmt":"2022-12-05T23:17:35","guid":{"rendered":"https:\/\/blogs.correiobraziliense.com.br\/capital-sa\/?p=10984"},"modified":"2022-12-14T08:42:44","modified_gmt":"2022-12-14T11:42:44","slug":"maior-rede-de-sorveteria-do-centro-oeste-inaugura-loja-de-milkshakes","status":"publish","type":"post","link":"https:\/\/blogs.correiobraziliense.com.br\/capital-sa\/2022\/12\/05\/maior-rede-de-sorveteria-do-centro-oeste-inaugura-loja-de-milkshakes\/","title":{"rendered":"Maior rede de sorveteria do Centro-Oeste inaugura loja de milk-shakes"},"content":{"rendered":"<p><strong>Por Sibele Negromonte e Mariana Niederauer (interinas)<\/strong><\/p>\n<p>Idealizadores da maior rede de sorveteria do Centro-Oeste, a Stonia Ice Creamland, os empres\u00e1rios Bruno Borges e La\u00edse Assun\u00e7\u00e3o acabam de abrir um novo empreendimento no Distrito Federal. Inaugurada no \u00faltimo s\u00e1bado em \u00c1guas Claras, a MilkyLab (@milkylab.sorvetes) teve um investimento inicial de R$ 120 mil. A marca \u00e9 focada em milk-shakes e sorvetes, e a ideia dos empreendedores \u00e9 transform\u00e1-la em franquia, assim como fizeram com a Stonia.<\/p>\n<h3>Milk-shakes e sorvetes<\/h3>\n<p>&#8220;A MilkyLab foi criada para se conectar ainda mais com o dia a dia das pessoas, de forma simples e \u00e1gil. Tamb\u00e9m foi feita para levar, por meio dos sabores, alegria e leveza, melhorando de alguma forma o dia das pessoas&#8221;, afirma Bruno Borges. No card\u00e1pio, op\u00e7\u00f5es como o CasCat simples (R$ 9): casc\u00e3o com sorvete de baunilha e calda de chocolate ou caramelo; e CasCat especial (R$17), nas vers\u00f5es Oreo, Ninho com Nutella, frutas vermelhas, pipoca caramelo, Sucrilhos e Ninho com pipoca. J\u00e1 os 15 sabores de mill-shakes s\u00e3o vendidos a R$ 15 (300ml) e R$ 19 (500ml).<\/p>\n<h3>Hist\u00f3ria de sucesso<\/h3>\n<p>Criada em 2016, a Stonia \u00e9 uma empresa 100% brasiliense. Hoje, s\u00e3o 22 franquias espalhadas pelo DF \u2014 que conta com 17 lojas \u2014, Goi\u00e1s, S\u00e3o Paulo e Santa Catarina. Este ano, o faturamento da empresa deve atingir a marca de R$ 17 milh\u00f5es e, para 2023, a expectativa \u00e9 de que chegue a R$ 23 milh\u00f5es. &#8220;A expectativa \u00e9 que, em 2023, a empresa cres\u00e7a e essa nova marca, MilkyLab, venha para somar e ampliar o leque no mercado de gelatos e sorvetes no Brasil. Novas lojas j\u00e1 est\u00e3o programadas para serem inauguradas no pr\u00f3ximo ano, o que vai consolidar ainda mais as marcas&#8221;, acrescenta Bruno.<\/p>\n<h3>R$ 23 milh\u00f5es<\/h3>\n<p>\u00c9 a expectativa de faturamento da Stonia Ice Creamland, empresa de DNA brasiliense, para o ano de 2023.<\/p>\n<h3>Educa\u00e7\u00e3o empreendedora<\/h3>\n<p>Est\u00e3o abertas, at\u00e9 28 de fevereiro de 2023, as inscri\u00e7\u00f5es para o Pr\u00eamio Educador Transformador, uma iniciativa do Sebrae em parceria com a Bett Brasil e o Instituto Significare. O objetivo \u00e9 reconhecer projetos com foco na educa\u00e7\u00e3o empreendedora desenvolvidos por professores, de escolas p\u00fablicas ou privadas, de todo o pa\u00eds. Est\u00e3o aptos a participar educadores que implementaram ou est\u00e3o implementando projetos educacionais entre os anos de 2021 e 2023, com alunos de diferentes etapas e modalidades de ensino. Ao todo, ser\u00e3o selecionados 70 trabalhos, com divulga\u00e7\u00e3o prevista para 24 de abril de 2023. Para se inscrever, gratuitamente, basta acessar http:\/\/educadortransformador.com.br\/.<\/p>\n<h3>Cordel contra o racismo<\/h3>\n<p>Com muitas rimas e inspirado na literatura de cordel, o livro <em>Preta de Greve e as Sete Reivindica\u00e7\u00f5es<\/em> acaba de ser lan\u00e7ado pela pedagoga brasiliense Zenilda Vilarins Cardozo. Na obra, a professora aposentada prop\u00f5e chamar a aten\u00e7\u00e3o para a condi\u00e7\u00e3o da mulher negra na sociedade e a necessidade de lutar diariamente por direitos. A ideia da trama surgiu enquanto ela participava do projeto For\u00e7a Substantivo Feminino, que trabalhava o empoderamento da mulher, com crian\u00e7as de 6 a 11 anos. Dessa forma, P\u00e9rola Preta, a protagonista do enredo, dialoga com os jovens leitores. Zenilda nasceu no Gama, em uma fam\u00edlia de 12 irm\u00e3os e com pais que sempre valorizaram a educa\u00e7\u00e3o e plantaram nos filhos o amor pelos livros e pela arte.<\/p>\n<h3>Camisa canarinha<\/h3>\n<p>Hoje, o Brasil enfrenta a Coreia do Sul nas oitavas de final da Copa do Mundo e, quem quiser assistir ao jogo uniformizado e n\u00e3o garantiu a camisa oficial, vai ter que bater pernas pelas lojas da cidade, mesmo assim, sem garantia de que conseguir\u00e1 a sua. No site da Nike, encontramos ontem ainda a vers\u00e3o masculina, da tradicional amarelinha, mas s\u00f3 no tamanho GGG. E s\u00f3. N\u00e3o h\u00e1 mais nem a azul (segundo uniforme) nem a amarela para\u00a0mulheres. \u00c0s\u00a0crian\u00e7as, resta o modelo azul. Em outros e-commerces de lojas de esportes tradicionais da cidade, a situa\u00e7\u00e3o \u00e9 a mesma. Enquanto isso, o com\u00e9rcio informal fatura com a venda de exemplares populares.<\/p>\n<h3>Exposi\u00e7\u00e3o hist\u00f3rica<\/h3>\n<p>Para quem quiser conhecer um pouco mais sobre a nossa camisa canarinha, at\u00e9 o dia 18, data da grande final no Catar, a Exposi\u00e7\u00e3o Vestindo as Copas do Mundo \u00e9 uma boa pedida. A mostra, no hall de entrada da Biblioteca Central da Universidade de Bras\u00edlia (UnB), conta a hist\u00f3ria do Mundial a partir de alguns dos mais importantes uniformes j\u00e1 usados por sele\u00e7\u00f5es participantes. A visita\u00e7\u00e3o est\u00e1 aberta de segunda a sexta, das 7h \u00e0s 23h45, e s\u00e1bados e domingos, das 7h \u00e0s 19h.<\/p>\n<p>Nova loja de sorvetes no DF. MilkyLab\/Divulga\u00e7\u00e3o<\/p>\n","protected":false},"excerpt":{"rendered":"<p>Por Sibele Negromonte e Mariana Niederauer (interinas) Idealizadores da maior rede de sorveteria do Centro-Oeste, a Stonia Ice Creamland, os empres\u00e1rios Bruno Borges e La\u00edse Assun\u00e7\u00e3o acabam de abrir um novo empreendimento no Distrito Federal. Inaugurada no \u00faltimo s\u00e1bado em \u00c1guas Claras, a MilkyLab (@milkylab.sorvetes) teve um investimento inicial de R$ 120 mil. A marca \u00e9 focada em milk-shakes e [&hellip;]<\/p>\n","protected":false},"author":91,"featured_media":10985,"comment_status":"open","ping_status":"open","sticky":false,"template":"","format":"standard","meta":{"footnotes":""},"categories":[1],"tags":[1706,1705,451,1703,1704,668,1702],"class_list":["post-10984","post","type-post","status-publish","format-standard","has-post-thumbnail","hentry","category-sem-categoria","tag-camisacanarinha","tag-empresabrasiliense","tag-franquia","tag-milklab","tag-milkshake","tag-selecao","tag-stonia"],"_links":{"self":[{"href":"https:\/\/blogs.correiobraziliense.com.br\/capital-sa\/wp-json\/wp\/v2\/posts\/10984","targetHints":{"allow":["GET"]}}],"collection":[{"href":"https:\/\/blogs.correiobraziliense.com.br\/capital-sa\/wp-json\/wp\/v2\/posts"}],"about":[{"href":"https:\/\/blogs.correiobraziliense.com.br\/capital-sa\/wp-json\/wp\/v2\/types\/post"}],"author":[{"embeddable":true,"href":"https:\/\/blogs.correiobraziliense.com.br\/capital-sa\/wp-json\/wp\/v2\/users\/91"}],"replies":[{"embeddable":true,"href":"https:\/\/blogs.correiobraziliense.com.br\/capital-sa\/wp-json\/wp\/v2\/comments?post=10984"}],"version-history":[{"count":3,"href":"https:\/\/blogs.correiobraziliense.com.br\/capital-sa\/wp-json\/wp\/v2\/posts\/10984\/revisions"}],"predecessor-version":[{"id":11090,"href":"https:\/\/blogs.correiobraziliense.com.br\/capital-sa\/wp-json\/wp\/v2\/posts\/10984\/revisions\/11090"}],"wp:featuredmedia":[{"embeddable":true,"href":"https:\/\/blogs.correiobraziliense.com.br\/capital-sa\/wp-json\/wp\/v2\/media\/10985"}],"wp:attachment":[{"href":"https:\/\/blogs.correiobraziliense.com.br\/capital-sa\/wp-json\/wp\/v2\/media?parent=10984"}],"wp:term":[{"taxonomy":"category","embeddable":true,"href":"https:\/\/blogs.correiobraziliense.com.br\/capital-sa\/wp-json\/wp\/v2\/categories?post=10984"},{"taxonomy":"post_tag","embeddable":true,"href":"https:\/\/blogs.correiobraziliense.com.br\/capital-sa\/wp-json\/wp\/v2\/tags?post=10984"}],"curies":[{"name":"wp","href":"https:\/\/api.w.org\/{rel}","templated":true}]}}