{"id":10966,"date":"2022-11-30T13:43:26","date_gmt":"2022-11-30T16:43:26","guid":{"rendered":"https:\/\/blogs.correiobraziliense.com.br\/capital-sa\/?p=10966"},"modified":"2022-12-05T19:00:54","modified_gmt":"2022-12-05T22:00:54","slug":"estados-e-o-df-cobram-da-uniao-compensacao-das-perdas-de-receita-com-icms","status":"publish","type":"post","link":"https:\/\/blogs.correiobraziliense.com.br\/capital-sa\/2022\/11\/30\/estados-e-o-df-cobram-da-uniao-compensacao-das-perdas-de-receita-com-icms\/","title":{"rendered":"Estados e o DF cobram da Uni\u00e3o compensa\u00e7\u00e3o das perdas de receita com ICMS"},"content":{"rendered":"<hr \/>\n<p class=\"p1\"><b>Por Samanta Sallum\u00a0<\/b><\/p>\n<p class=\"p1\"><span class=\"s1\">Chega a R$ 38,3 bilh\u00f5es a perda de arrecada\u00e7\u00e3o de todos os estados e do DF com o ICMS de combust\u00edveis, energia el\u00e9trica e servi\u00e7os de comunica\u00e7\u00f5es. Esse \u00e9 o tamanho de conta apresentada pelos secret\u00e1rios de Fazenda \u00e0 Uni\u00e3o. Mas terminou sem acordo a \u00faltima reuni\u00e3o realizada entre representantes de ambos os lados para discutir formas de compensa\u00e7\u00e3o.<br \/>\n<\/span><\/p>\n<p class=\"p1\"><span class=\"s1\">A comiss\u00e3o especial, formada por representantes dos entes federativos, foi criada pelo ministro Gilmar Mendes, do Supremo Tribunal Federal (STF), no \u00e2mbito da A\u00e7\u00e3o Direta de Inconstitucionalidade (ADI) 7191 e da Argui\u00e7\u00e3o de Descumprimento de Preceito Fundamental (ADPF) 984, que tratam da mat\u00e9ria. A pr\u00f3xima reuni\u00e3o ser\u00e1 na sexta-feira, no Supremo.<\/span><\/p>\n<p class=\"p1\">Para os representantes da Uni\u00e3o, os n\u00fameros apresentados pelos estados n\u00e3o batem com as contas do Minist\u00e9rio da Economia. J\u00e1 os estados reclamam que, at\u00e9 o momento, a Uni\u00e3o n\u00e3o apresentou contraproposta.<\/p>\n<p class=\"p1\">A dificuldade de concilia\u00e7\u00e3o pode acarretar a judicializa\u00e7\u00e3o em massa pelos estados que permanecem sem compensa\u00e7\u00e3o. O imbr\u00f3glio decorre da lei aprovada em junho pelo Congresso, a pedido da presidente Jair Bolsonaro, para reduzir o imposto e, assim, provocar a reda\u00e7\u00e3o de pre\u00e7os dos combust\u00edveis e da infla\u00e7\u00e3o.<\/p>\n","protected":false},"excerpt":{"rendered":"<p>Por Samanta Sallum\u00a0 Chega a R$ 38,3 bilh\u00f5es a perda de arrecada\u00e7\u00e3o de todos os estados e do DF com o ICMS de combust\u00edveis, energia el\u00e9trica e servi\u00e7os de comunica\u00e7\u00f5es. Esse \u00e9 o tamanho de conta apresentada pelos secret\u00e1rios de Fazenda \u00e0 Uni\u00e3o. Mas terminou sem acordo a \u00faltima reuni\u00e3o realizada entre representantes de ambos os lados para discutir formas [&hellip;]<\/p>\n","protected":false},"author":125,"featured_media":10969,"comment_status":"open","ping_status":"open","sticky":false,"template":"","format":"standard","meta":{"footnotes":""},"categories":[6],"tags":[597,332,1700,378],"class_list":["post-10966","post","type-post","status-publish","format-standard","has-post-thumbnail","hentry","category-coluna-capital-s-a","tag-arrecadacao","tag-df","tag-estados","tag-icms"],"_links":{"self":[{"href":"https:\/\/blogs.correiobraziliense.com.br\/capital-sa\/wp-json\/wp\/v2\/posts\/10966","targetHints":{"allow":["GET"]}}],"collection":[{"href":"https:\/\/blogs.correiobraziliense.com.br\/capital-sa\/wp-json\/wp\/v2\/posts"}],"about":[{"href":"https:\/\/blogs.correiobraziliense.com.br\/capital-sa\/wp-json\/wp\/v2\/types\/post"}],"author":[{"embeddable":true,"href":"https:\/\/blogs.correiobraziliense.com.br\/capital-sa\/wp-json\/wp\/v2\/users\/125"}],"replies":[{"embeddable":true,"href":"https:\/\/blogs.correiobraziliense.com.br\/capital-sa\/wp-json\/wp\/v2\/comments?post=10966"}],"version-history":[{"count":4,"href":"https:\/\/blogs.correiobraziliense.com.br\/capital-sa\/wp-json\/wp\/v2\/posts\/10966\/revisions"}],"predecessor-version":[{"id":10980,"href":"https:\/\/blogs.correiobraziliense.com.br\/capital-sa\/wp-json\/wp\/v2\/posts\/10966\/revisions\/10980"}],"wp:featuredmedia":[{"embeddable":true,"href":"https:\/\/blogs.correiobraziliense.com.br\/capital-sa\/wp-json\/wp\/v2\/media\/10969"}],"wp:attachment":[{"href":"https:\/\/blogs.correiobraziliense.com.br\/capital-sa\/wp-json\/wp\/v2\/media?parent=10966"}],"wp:term":[{"taxonomy":"category","embeddable":true,"href":"https:\/\/blogs.correiobraziliense.com.br\/capital-sa\/wp-json\/wp\/v2\/categories?post=10966"},{"taxonomy":"post_tag","embeddable":true,"href":"https:\/\/blogs.correiobraziliense.com.br\/capital-sa\/wp-json\/wp\/v2\/tags?post=10966"}],"curies":[{"name":"wp","href":"https:\/\/api.w.org\/{rel}","templated":true}]}}