{"id":10949,"date":"2022-11-29T08:52:55","date_gmt":"2022-11-29T11:52:55","guid":{"rendered":"https:\/\/blogs.correiobraziliense.com.br\/capital-sa\/?p=10949"},"modified":"2022-11-29T23:10:22","modified_gmt":"2022-11-30T02:10:22","slug":"uniao-nacional-de-entidades-do-comercio-e-servicos-assina-manifesto-alertando-para-efeitos-da-pec-da-transicao","status":"publish","type":"post","link":"https:\/\/blogs.correiobraziliense.com.br\/capital-sa\/2022\/11\/29\/uniao-nacional-de-entidades-do-comercio-e-servicos-assina-manifesto-alertando-para-efeitos-da-pec-da-transicao\/","title":{"rendered":"Uni\u00e3o Nacional de Entidades do Com\u00e9rcio e Servi\u00e7os assina manifesto, alertando para efeitos da PEC da Transi\u00e7\u00e3o"},"content":{"rendered":"<p class=\"p1\"><b>Por Samanta Sallum\u00a0<\/b><\/p>\n<p class=\"p1\"><span class=\"s2\">A entidade, que re\u00fane as maiores representantes organizadas do setor, assinou documento em que chama a aten\u00e7\u00e3o para o equil\u00edbrio fiscal do pa\u00eds. Refor\u00e7a que apoia a manuten\u00e7\u00e3o, no pr\u00f3ximo ano, do <\/span><span class=\"s1\">valor de R$ 600 do Aux\u00edlio Brasil<\/span><span class=\"s2\">. No entanto, defende que os <\/span><span class=\"s1\">recursos necess\u00e1rios<\/span><span class=\"s2\"> sejam <\/span><span class=\"s1\">buscados por remanejamentos no Or\u00e7amento<\/span><span class=\"s2\"> da Uni\u00e3o para 2023, em vez de uma autoriza\u00e7\u00e3o para gasto extraordin\u00e1rio. Juntos, os setores que integram a Unecs representam <\/span><span class=\"s1\">73,31% do PIB do Brasil<\/span><span class=\"s2\">.<\/span><\/p>\n<p class=\"p1\"><span class=\"s2\"><b>Aumento da d\u00edvida p\u00fablica<\/b><\/span><\/p>\n<p class=\"p1\"><span class=\"s2\">&#8220;Manifestamos nossa <\/span><span class=\"s1\">preocupa\u00e7\u00e3o quanto \u00e0 aprova\u00e7\u00e3o da PEC da Transi\u00e7\u00e3o<\/span><span class=\"s2\">, mediante a inclus\u00e3o de valores adicionais que extrapolem o or\u00e7amento da Uni\u00e3o, o que representaria um aumento significativo da d\u00edvida p\u00fablica com impacto sobre as taxas de juros, infla\u00e7\u00e3o e atividade econ\u00f4mica, atingindo especialmente as camadas mais pobres da popula\u00e7\u00e3o&#8221;, destaca o presidente da Unecs, Jos\u00e9 C\u00e9sar Costa, que preside tamb\u00e9m a CNDL \u2013 Confedera\u00e7\u00e3o de Dirigentes Lojistas.<\/span><\/p>\n<p><img loading=\"lazy\" decoding=\"async\" class=\"aligncenter size-medium wp-image-10953\" src=\"https:\/\/blogs.correiobraziliense.com.br\/capital-sa\/wp-content\/uploads\/sites\/59\/2022\/11\/C8C4A6EA-4621-46AB-ADD9-AB833CD399AB-300x270.jpeg\" alt=\"\" width=\"300\" height=\"270\" srcset=\"https:\/\/blogs.correiobraziliense.com.br\/capital-sa\/wp-content\/uploads\/sites\/59\/2022\/11\/C8C4A6EA-4621-46AB-ADD9-AB833CD399AB-300x270.jpeg 300w, https:\/\/blogs.correiobraziliense.com.br\/capital-sa\/wp-content\/uploads\/sites\/59\/2022\/11\/C8C4A6EA-4621-46AB-ADD9-AB833CD399AB.jpeg 768w, https:\/\/blogs.correiobraziliense.com.br\/capital-sa\/wp-content\/uploads\/sites\/59\/2022\/11\/C8C4A6EA-4621-46AB-ADD9-AB833CD399AB-550x495.jpeg 550w, https:\/\/blogs.correiobraziliense.com.br\/capital-sa\/wp-content\/uploads\/sites\/59\/2022\/11\/C8C4A6EA-4621-46AB-ADD9-AB833CD399AB-230x207.jpeg 230w\" sizes=\"auto, (max-width: 300px) 100vw, 300px\" \/><\/p>\n<p class=\"p1\"><span class=\"s2\"><b>Reforma Administrativa <\/b><\/span><\/p>\n<p class=\"p1\"><span class=\"s2\">O Instituto Unecs defende no manifesto que o Congresso e o governo adotem como <\/span><span class=\"s1\">prioridade a realiza\u00e7\u00e3o de uma Reforma Administrativa &#8220;<\/span><span class=\"s2\">para racionalizar o gasto p\u00fablico, estabelecendo as prioridades para o atendimento da \u00e1rea social, dentro do Or\u00e7amento, sem necessidade de aumentar a tributa\u00e7\u00e3o ou o endividamento&#8221;.<span class=\"Apple-converted-space\">\u00a0<\/span>E s\u00f3 depois realizar a Reforma Tribut\u00e1ria.<\/span><\/p>\n<blockquote>\n<p class=\"p1\"><span class=\"s1\">&#8220;Austeridade fiscal n\u00e3o \u00e9 incompat\u00edvel com a responsabilidade social&#8221;<\/span><span class=\"s2\">, destaca o documento da Unecs.<\/span><\/p>\n<\/blockquote>\n<p class=\"p1\"><span class=\"s2\">Assinam o documento os presidentes das <\/span><span class=\"s1\">entidades que integram a Unecs<\/span><span class=\"s2\">. Al\u00e9m de Costa, da CNDL; Miguel Severini, Presidente da ABAD \u2013 Associa\u00e7\u00e3o Brasileira de Atacadistas e Distribuidores; Jo\u00e3o Carlos Galassi, Presidente da ABRAS \u2013 Associa\u00e7\u00e3o Brasileira de Supermercados; Paulo Solmucci, Presidente da ABRASEL \u2013 Associa\u00e7\u00e3o Brasileira de Bares e Restaurantes; Paulo Eduardo Guimar\u00e3es, Presidente da AFRAC \u2013 Associa\u00e7\u00e3o Brasileira de Automa\u00e7\u00e3o para o Com\u00e9rcio; Alfredo Cotait Neto, Presidente da CACB \u2013 Confedera\u00e7\u00e3o das Associa\u00e7\u00f5es Comerciais e Empresariais do Brasil; Geraldo Defalco, Presidente da ANAMACO \u2013 Associa\u00e7\u00e3o Nacional dos Comerciantes de Material de Constru\u00e7\u00e3o.<\/span><\/p>\n","protected":false},"excerpt":{"rendered":"<p>Por Samanta Sallum\u00a0 A entidade, que re\u00fane as maiores representantes organizadas do setor, assinou documento em que chama a aten\u00e7\u00e3o para o equil\u00edbrio fiscal do pa\u00eds. Refor\u00e7a que apoia a manuten\u00e7\u00e3o, no pr\u00f3ximo ano, do valor de R$ 600 do Aux\u00edlio Brasil. No entanto, defende que os recursos necess\u00e1rios sejam buscados por remanejamentos no Or\u00e7amento da Uni\u00e3o para 2023, em [&hellip;]<\/p>\n","protected":false},"author":125,"featured_media":10955,"comment_status":"open","ping_status":"open","sticky":false,"template":"","format":"standard","meta":{"footnotes":""},"categories":[6],"tags":[770,1697,1696,1699,1698],"class_list":["post-10949","post","type-post","status-publish","format-standard","has-post-thumbnail","hentry","category-coluna-capital-s-a","tag-auxiliobrasil","tag-dividapublica","tag-equilibriofiscal","tag-pecdatransicao","tag-reformaadministrativa"],"_links":{"self":[{"href":"https:\/\/blogs.correiobraziliense.com.br\/capital-sa\/wp-json\/wp\/v2\/posts\/10949","targetHints":{"allow":["GET"]}}],"collection":[{"href":"https:\/\/blogs.correiobraziliense.com.br\/capital-sa\/wp-json\/wp\/v2\/posts"}],"about":[{"href":"https:\/\/blogs.correiobraziliense.com.br\/capital-sa\/wp-json\/wp\/v2\/types\/post"}],"author":[{"embeddable":true,"href":"https:\/\/blogs.correiobraziliense.com.br\/capital-sa\/wp-json\/wp\/v2\/users\/125"}],"replies":[{"embeddable":true,"href":"https:\/\/blogs.correiobraziliense.com.br\/capital-sa\/wp-json\/wp\/v2\/comments?post=10949"}],"version-history":[{"count":6,"href":"https:\/\/blogs.correiobraziliense.com.br\/capital-sa\/wp-json\/wp\/v2\/posts\/10949\/revisions"}],"predecessor-version":[{"id":10965,"href":"https:\/\/blogs.correiobraziliense.com.br\/capital-sa\/wp-json\/wp\/v2\/posts\/10949\/revisions\/10965"}],"wp:featuredmedia":[{"embeddable":true,"href":"https:\/\/blogs.correiobraziliense.com.br\/capital-sa\/wp-json\/wp\/v2\/media\/10955"}],"wp:attachment":[{"href":"https:\/\/blogs.correiobraziliense.com.br\/capital-sa\/wp-json\/wp\/v2\/media?parent=10949"}],"wp:term":[{"taxonomy":"category","embeddable":true,"href":"https:\/\/blogs.correiobraziliense.com.br\/capital-sa\/wp-json\/wp\/v2\/categories?post=10949"},{"taxonomy":"post_tag","embeddable":true,"href":"https:\/\/blogs.correiobraziliense.com.br\/capital-sa\/wp-json\/wp\/v2\/tags?post=10949"}],"curies":[{"name":"wp","href":"https:\/\/api.w.org\/{rel}","templated":true}]}}