{"id":10930,"date":"2022-11-27T23:18:16","date_gmt":"2022-11-28T02:18:16","guid":{"rendered":"https:\/\/blogs.correiobraziliense.com.br\/capital-sa\/?p=10930"},"modified":"2022-11-29T19:46:44","modified_gmt":"2022-11-29T22:46:44","slug":"mulheres-ocupam-espaco-em-tecnologia-da-informacao","status":"publish","type":"post","link":"https:\/\/blogs.correiobraziliense.com.br\/capital-sa\/2022\/11\/27\/mulheres-ocupam-espaco-em-tecnologia-da-informacao\/","title":{"rendered":"Mulheres ocupam espa\u00e7o em Tecnologia da Informa\u00e7\u00e3o"},"content":{"rendered":"<p><b>Por Samanta Sallum\u00a0<\/b><\/p>\n<p class=\"p1\"><span class=\"s1\">A lista &#8220;Empregos em Alta em 2022&#8221;, do LinkedIn, revela que 23 dos 25 cargos com maior demanda atualmente s\u00e3o em Tecnologia da Informa\u00e7\u00e3o e as mulheres est\u00e3o ocupando esse espa\u00e7o. Na TI da Vivo, j\u00e1 s\u00e3o 41% delas em posi\u00e7\u00e3o de lideran\u00e7a executiva, incluindo a CIO, Denise Inaba. <\/span><\/p>\n<p class=\"p1\"><span class=\"s1\"><b>Meta de g\u00eanero <\/b><\/span><\/p>\n<p class=\"p1\"><span class=\"s1\">Com atua\u00e7\u00e3o pautada na diversidade, a empresa possui meta de g\u00eanero, vinculada ao b\u00f4nus executivo, e investe em programas para forma\u00e7\u00e3o e desenvolvimento de lideran\u00e7as. Alguns dedicados exclusivamente para mulheres, como o WIL &#8211; WOMEN IN LEADERSHIP, voltado para desenvolver habilidades para liderar.<\/span><\/p>\n<p class=\"p1\"><span class=\"s1\"><b>Liberdade profissional <\/b><\/span><\/p>\n<p class=\"p1\"><span class=\"s1\">&#8220;Buscamos inspirar e criar as oportunidades para que as mulheres vivam todo o seu potencial, tanto em tecnologia como em outras diferentes \u00e1reas e possam ser as profissionais que quiserem ser&#8221;, afirma<span class=\"Apple-converted-space\">\u00a0<\/span>Denise Inaba.<\/span><\/p>\n","protected":false},"excerpt":{"rendered":"<p>Por Samanta Sallum\u00a0 A lista &#8220;Empregos em Alta em 2022&#8221;, do LinkedIn, revela que 23 dos 25 cargos com maior demanda atualmente s\u00e3o em Tecnologia da Informa\u00e7\u00e3o e as mulheres est\u00e3o ocupando esse espa\u00e7o. Na TI da Vivo, j\u00e1 s\u00e3o 41% delas em posi\u00e7\u00e3o de lideran\u00e7a executiva, incluindo a CIO, Denise Inaba. Meta de g\u00eanero Com atua\u00e7\u00e3o pautada na diversidade, [&hellip;]<\/p>\n","protected":false},"author":125,"featured_media":10934,"comment_status":"open","ping_status":"open","sticky":false,"template":"","format":"standard","meta":{"footnotes":""},"categories":[6],"tags":[158,910,103,618],"class_list":["post-10930","post","type-post","status-publish","format-standard","has-post-thumbnail","hentry","category-coluna-capital-s-a","tag-empregos","tag-liderancafeminina","tag-mulheres","tag-ti"],"_links":{"self":[{"href":"https:\/\/blogs.correiobraziliense.com.br\/capital-sa\/wp-json\/wp\/v2\/posts\/10930","targetHints":{"allow":["GET"]}}],"collection":[{"href":"https:\/\/blogs.correiobraziliense.com.br\/capital-sa\/wp-json\/wp\/v2\/posts"}],"about":[{"href":"https:\/\/blogs.correiobraziliense.com.br\/capital-sa\/wp-json\/wp\/v2\/types\/post"}],"author":[{"embeddable":true,"href":"https:\/\/blogs.correiobraziliense.com.br\/capital-sa\/wp-json\/wp\/v2\/users\/125"}],"replies":[{"embeddable":true,"href":"https:\/\/blogs.correiobraziliense.com.br\/capital-sa\/wp-json\/wp\/v2\/comments?post=10930"}],"version-history":[{"count":5,"href":"https:\/\/blogs.correiobraziliense.com.br\/capital-sa\/wp-json\/wp\/v2\/posts\/10930\/revisions"}],"predecessor-version":[{"id":10957,"href":"https:\/\/blogs.correiobraziliense.com.br\/capital-sa\/wp-json\/wp\/v2\/posts\/10930\/revisions\/10957"}],"wp:featuredmedia":[{"embeddable":true,"href":"https:\/\/blogs.correiobraziliense.com.br\/capital-sa\/wp-json\/wp\/v2\/media\/10934"}],"wp:attachment":[{"href":"https:\/\/blogs.correiobraziliense.com.br\/capital-sa\/wp-json\/wp\/v2\/media?parent=10930"}],"wp:term":[{"taxonomy":"category","embeddable":true,"href":"https:\/\/blogs.correiobraziliense.com.br\/capital-sa\/wp-json\/wp\/v2\/categories?post=10930"},{"taxonomy":"post_tag","embeddable":true,"href":"https:\/\/blogs.correiobraziliense.com.br\/capital-sa\/wp-json\/wp\/v2\/tags?post=10930"}],"curies":[{"name":"wp","href":"https:\/\/api.w.org\/{rel}","templated":true}]}}