{"id":10927,"date":"2022-11-28T08:28:20","date_gmt":"2022-11-28T11:28:20","guid":{"rendered":"https:\/\/blogs.correiobraziliense.com.br\/capital-sa\/?p=10927"},"modified":"2022-11-29T19:54:14","modified_gmt":"2022-11-29T22:54:14","slug":"com-investimento-historico-no-df-cidade-da-saude-sera-erguida-no-sia","status":"publish","type":"post","link":"https:\/\/blogs.correiobraziliense.com.br\/capital-sa\/2022\/11\/28\/com-investimento-historico-no-df-cidade-da-saude-sera-erguida-no-sia\/","title":{"rendered":"Com investimento hist\u00f3rico no DF, Cidade da Sa\u00fade ser\u00e1 erguida no SIA"},"content":{"rendered":"<p class=\"p1\"><b>Por Samanta Sallum\u00a0<\/b><\/p>\n<p class=\"p1\"><span class=\"s1\">O governador Ibaneis Rocha assinou decreto para conceder uma \u00e1rea de 160 mil m\u00b2, no SIA, para a Cime Holding S\/A. O grupo vai instalar um complexo de sa\u00fade privada que inclui edif\u00edcios de cl\u00ednicas, faculdade de medicina, centro de conven\u00e7\u00f5es e at\u00e9 hotel. O objetivo do ousado empreendimento \u00e9 deslocar o eixo refer\u00eancia de sa\u00fade particular na Am\u00e9rica Latina de S\u00e3o Paulo e Chile para o Distrito Federal.<\/span><\/p>\n<p class=\"p1\"><span class=\"s1\">O valor do investimento do Cimed ser\u00e1 de R$ 4,6 bilh\u00f5es, com proje\u00e7\u00e3o de criar\u00a0<\/span>10 mil empregos diretos. A expectativa de arrecada\u00e7\u00e3o de impostos para o DF \u00e9 de R$ 15 bilh\u00f5es em 15 anos.<\/p>\n<p class=\"p1\"><span class=\"s1\">No decreto, Ibaneis declara de &#8220;<\/span>elevante interesse social, econ\u00f4mico e fiscal para o Distrito Federal, a implanta\u00e7\u00e3o de empreendimento estruturante e de excel\u00eancia na \u00e1rea de medicina especializada, ensino e pesquisa da empresa CIME HOLDING S.A. visando \u00e0 concess\u00e3o de incentivo econ\u00f4mico no \u00e2mbito do Programa de Apoio ao Desenvolvimento do Distrito Federal &#8211; Desenvolve-DF&#8221;.<\/p>\n<p class=\"p1\"><span class=\"s1\"><b>Centro Internacional de Medicina Especializada<\/b><\/span><\/p>\n<p class=\"p1\"><span class=\"s1\">A Secretaria de Desenvolvimento Econ\u00f4mico do DF est\u00e1 conduzindo o processo.<span class=\"Apple-converted-space\">\u00a0&#8220;<\/span>\u00c9 um projeto arrojado com recorde de investimento para Bras\u00edlia. Teremos um incremento no turismo de sa\u00fade. Ser\u00e1 um centro internacional&#8221;, aponta o secret\u00e1rio, Jesuino Pereira. Segundo ele, as tratativas ocorrem h\u00e1 mais de 1 ano.<\/span><\/p>\n<p>O governo, no entanto, n\u00e3o esclarece quais empresas e empres\u00e1rios especificamente s\u00e3o respons\u00e1veis pelo empreendimento.<\/p>\n<p class=\"p1\"><span class=\"s1\"><b>Aluguel<\/b><\/span><\/p>\n<p class=\"p1\"><span class=\"s1\">O terreno a ser instalado o CIME \u00e9 da Terracap e estava havia muitos anos ocupado pela<span class=\"Apple-converted-space\">\u00a0S<\/span>ecretaria de Educa\u00e7\u00e3o, perto da antiga CEB Distribuidora. O grupo empresarial, que re\u00fane investidores nacionais e internacionais, poder\u00e1 ter a concess\u00e3o por 30 anos da \u00e1rea, renov\u00e1veis, pagando aluguel.<\/span><\/p>\n<p class=\"p1\"><span class=\"s1\"><b>Condi\u00e7\u00f5es <\/b><\/span><\/p>\n<p class=\"p1\"><span class=\"s1\"> O valor e as condi\u00e7\u00f5es espec\u00edficas ainda ser\u00e3o definidos pela Conselho de gest\u00e3o do programa Desenvolve-DF. Para ser erguido, o projeto tamb\u00e9m ter\u00e1 de passar pelo crivo da Secretaria de Desenvolvimento Urbano.<\/span><\/p>\n","protected":false},"excerpt":{"rendered":"<p>Por Samanta Sallum\u00a0 O governador Ibaneis Rocha assinou decreto para conceder uma \u00e1rea de 160 mil m\u00b2, no SIA, para a Cime Holding S\/A. O grupo vai instalar um complexo de sa\u00fade privada que inclui edif\u00edcios de cl\u00ednicas, faculdade de medicina, centro de conven\u00e7\u00f5es e at\u00e9 hotel. O objetivo do ousado empreendimento \u00e9 deslocar o eixo refer\u00eancia de sa\u00fade particular [&hellip;]<\/p>\n","protected":false},"author":125,"featured_media":10937,"comment_status":"open","ping_status":"open","sticky":false,"template":"","format":"standard","meta":{"footnotes":""},"categories":[6],"tags":[1690,1691,579,654,1692,1693,280,1053],"class_list":["post-10927","post","type-post","status-publish","format-standard","has-post-thumbnail","hentry","category-coluna-capital-s-a","tag-cidadedasaude","tag-cimed","tag-desenvolve-df","tag-investimento","tag-medicina","tag-medicinaespecializada","tag-saude","tag-sia"],"_links":{"self":[{"href":"https:\/\/blogs.correiobraziliense.com.br\/capital-sa\/wp-json\/wp\/v2\/posts\/10927","targetHints":{"allow":["GET"]}}],"collection":[{"href":"https:\/\/blogs.correiobraziliense.com.br\/capital-sa\/wp-json\/wp\/v2\/posts"}],"about":[{"href":"https:\/\/blogs.correiobraziliense.com.br\/capital-sa\/wp-json\/wp\/v2\/types\/post"}],"author":[{"embeddable":true,"href":"https:\/\/blogs.correiobraziliense.com.br\/capital-sa\/wp-json\/wp\/v2\/users\/125"}],"replies":[{"embeddable":true,"href":"https:\/\/blogs.correiobraziliense.com.br\/capital-sa\/wp-json\/wp\/v2\/comments?post=10927"}],"version-history":[{"count":7,"href":"https:\/\/blogs.correiobraziliense.com.br\/capital-sa\/wp-json\/wp\/v2\/posts\/10927\/revisions"}],"predecessor-version":[{"id":10958,"href":"https:\/\/blogs.correiobraziliense.com.br\/capital-sa\/wp-json\/wp\/v2\/posts\/10927\/revisions\/10958"}],"wp:featuredmedia":[{"embeddable":true,"href":"https:\/\/blogs.correiobraziliense.com.br\/capital-sa\/wp-json\/wp\/v2\/media\/10937"}],"wp:attachment":[{"href":"https:\/\/blogs.correiobraziliense.com.br\/capital-sa\/wp-json\/wp\/v2\/media?parent=10927"}],"wp:term":[{"taxonomy":"category","embeddable":true,"href":"https:\/\/blogs.correiobraziliense.com.br\/capital-sa\/wp-json\/wp\/v2\/categories?post=10927"},{"taxonomy":"post_tag","embeddable":true,"href":"https:\/\/blogs.correiobraziliense.com.br\/capital-sa\/wp-json\/wp\/v2\/tags?post=10927"}],"curies":[{"name":"wp","href":"https:\/\/api.w.org\/{rel}","templated":true}]}}