{"id":10925,"date":"2022-11-28T10:38:22","date_gmt":"2022-11-28T13:38:22","guid":{"rendered":"https:\/\/blogs.correiobraziliense.com.br\/capital-sa\/?p=10925"},"modified":"2022-11-29T20:05:50","modified_gmt":"2022-11-29T23:05:50","slug":"ibaneis-vai-criar-instituto-terra-para-regularizacao-rural","status":"publish","type":"post","link":"https:\/\/blogs.correiobraziliense.com.br\/capital-sa\/2022\/11\/28\/ibaneis-vai-criar-instituto-terra-para-regularizacao-rural\/","title":{"rendered":"Ibaneis vai criar Instituto Terra para regulariza\u00e7\u00e3o rural"},"content":{"rendered":"<p><b>Por Samanta Sallum\u00a0<\/b><\/p>\n<p class=\"p1\">Uma das pr\u00f3ximas medidas do governador reeleito Ibaneis Rocha ser\u00e1 criar o Instituto Terra. Dever\u00e1 ser bra\u00e7o subsidi\u00e1rio \u00e0 Terracap para cuidar especificamente da regulariza\u00e7\u00e3o de terras rurais no DF.<\/p>\n<p class=\"p1\">Esse foi um compromisso de campanha com o setor agr\u00edcola. Existem cerca de 19 mil produtores rurais. E, destes, 5,9 mil esperam a solu\u00e7\u00e3o legal para permanecerem com as suas atividades.<\/p>\n<p class=\"p1\"><span class=\"s1\">O atual secret\u00e1rio de Agricultura, Candido Teles de Ara\u00fajo, deve assumir o novo \u00f3rg\u00e3o com a miss\u00e3o de agilizar a regulariza\u00e7\u00e3o.<\/span><\/p>\n<p class=\"p1\"><span class=\"s1\">J\u00e1 o nome do novo secret\u00e1rio de Agricultura est\u00e1 sendo definido. Ibaneis pediu sugest\u00f5es a um grupo espec\u00edfico formado pela deputada federal Bia Kicis (PL), pelo deputado distrital Roosevelt Vilela (PL) e pela Federa\u00e7\u00e3o da Agricultura e Pecu\u00e1ria do DF (Fape).<\/span><\/p>\n","protected":false},"excerpt":{"rendered":"<p>Por Samanta Sallum\u00a0 Uma das pr\u00f3ximas medidas do governador reeleito Ibaneis Rocha ser\u00e1 criar o Instituto Terra. Dever\u00e1 ser bra\u00e7o subsidi\u00e1rio \u00e0 Terracap para cuidar especificamente da regulariza\u00e7\u00e3o de terras rurais no DF. Esse foi um compromisso de campanha com o setor agr\u00edcola. Existem cerca de 19 mil produtores rurais. E, destes, 5,9 mil esperam a solu\u00e7\u00e3o legal para permanecerem [&hellip;]<\/p>\n","protected":false},"author":125,"featured_media":10942,"comment_status":"open","ping_status":"open","sticky":false,"template":"","format":"standard","meta":{"footnotes":""},"categories":[6],"tags":[1157,1694,1695,1057],"class_list":["post-10925","post","type-post","status-publish","format-standard","has-post-thumbnail","hentry","category-coluna-capital-s-a","tag-agricultura","tag-institutoterra","tag-produtoresrurais","tag-terracap"],"_links":{"self":[{"href":"https:\/\/blogs.correiobraziliense.com.br\/capital-sa\/wp-json\/wp\/v2\/posts\/10925","targetHints":{"allow":["GET"]}}],"collection":[{"href":"https:\/\/blogs.correiobraziliense.com.br\/capital-sa\/wp-json\/wp\/v2\/posts"}],"about":[{"href":"https:\/\/blogs.correiobraziliense.com.br\/capital-sa\/wp-json\/wp\/v2\/types\/post"}],"author":[{"embeddable":true,"href":"https:\/\/blogs.correiobraziliense.com.br\/capital-sa\/wp-json\/wp\/v2\/users\/125"}],"replies":[{"embeddable":true,"href":"https:\/\/blogs.correiobraziliense.com.br\/capital-sa\/wp-json\/wp\/v2\/comments?post=10925"}],"version-history":[{"count":5,"href":"https:\/\/blogs.correiobraziliense.com.br\/capital-sa\/wp-json\/wp\/v2\/posts\/10925\/revisions"}],"predecessor-version":[{"id":10963,"href":"https:\/\/blogs.correiobraziliense.com.br\/capital-sa\/wp-json\/wp\/v2\/posts\/10925\/revisions\/10963"}],"wp:featuredmedia":[{"embeddable":true,"href":"https:\/\/blogs.correiobraziliense.com.br\/capital-sa\/wp-json\/wp\/v2\/media\/10942"}],"wp:attachment":[{"href":"https:\/\/blogs.correiobraziliense.com.br\/capital-sa\/wp-json\/wp\/v2\/media?parent=10925"}],"wp:term":[{"taxonomy":"category","embeddable":true,"href":"https:\/\/blogs.correiobraziliense.com.br\/capital-sa\/wp-json\/wp\/v2\/categories?post=10925"},{"taxonomy":"post_tag","embeddable":true,"href":"https:\/\/blogs.correiobraziliense.com.br\/capital-sa\/wp-json\/wp\/v2\/tags?post=10925"}],"curies":[{"name":"wp","href":"https:\/\/api.w.org\/{rel}","templated":true}]}}