{"id":10921,"date":"2022-11-28T10:25:22","date_gmt":"2022-11-28T13:25:22","guid":{"rendered":"https:\/\/blogs.correiobraziliense.com.br\/capital-sa\/?p=10921"},"modified":"2022-11-29T20:00:25","modified_gmt":"2022-11-29T23:00:25","slug":"eleicao-amanha-no-sebrae-nacional-desagrada-governo-eleito","status":"publish","type":"post","link":"https:\/\/blogs.correiobraziliense.com.br\/capital-sa\/2022\/11\/28\/eleicao-amanha-no-sebrae-nacional-desagrada-governo-eleito\/","title":{"rendered":"Elei\u00e7\u00e3o, amanh\u00e3, no Sebrae Nacional desagrada a governo eleito"},"content":{"rendered":"<p class=\"p1\"><b>Por Samanta Sallum\u00a0<\/b><\/p>\n<p class=\"p1\"><span class=\"s1\">Amanh\u00e3 ser\u00e1 realizada a elei\u00e7\u00e3o para dire\u00e7\u00e3o do Sebrae Nacional, apesar do pedido oficial do vice-presidente eleito, Geraldo Alckmin, para que fosse adiada para fevereiro. A quest\u00e3o \u00e9 que o governo federal participa com representantes no Conselho Deliberativo e, atualmente, estes s\u00e3o indicados do presidente Jair Bolsonaro. O mandato do Conselho e dos tr\u00eas diretores do Sebrae (presidente, financeiro e t\u00e9cnico)\u00a0\u00e9 de 4 anos.<\/span><\/p>\n<p class=\"p1\"><span class=\"s1\"><b>Indica\u00e7\u00e3o de Ciro Nogueira<\/b><\/span><\/p>\n<p class=\"p1\"><span class=\"s1\">O atual diretor-presidente, Carlos Melles, \u00e9 candidato \u00e0 reelei\u00e7\u00e3o. O diretor-financeiro, Eduardo Diogo de Siqueira, tamb\u00e9m se apresentou como candidato, mas acabou retirando o nome na reta final. Melles conseguiu construir uma chapa \u00fanica com o apoio do ministro da Casa Civil de Bolsonaro, Ciro Nogueira, que indicou o nome de Margarete de Castro Coelho para ser a diretora administrativo-financeira.<\/span><\/p>\n<p class=\"p1\"><span class=\"s1\"><b>Risco de mudan\u00e7a<\/b><\/span><\/p>\n<p class=\"p1\"><span class=\"s1\">O presidente eleito Luiz In\u00e1cio Lula da Silva (PT) n\u00e3o apoia a chapa de Melles, que \u00e9 ligado ao PL, partido de Bolsonaro. Margarete \u00e9 do PP. <\/span><\/p>\n<p class=\"p1\"><span class=\"s1\">Uma medida provis\u00f3ria, no pr\u00f3ximo ano, pode alterar a composi\u00e7\u00e3o do Conselho Deliberativo, j\u00e1 que o governo federal tem 5 das 15 cadeiras e influ\u00eancia sobre outras. Mas ser\u00e1 preciso tamb\u00e9m articular com as lideran\u00e7as das confedera\u00e7\u00f5es do setor produtivo, como CNA, CNC, CNI e outras, que apoiam Melles.<\/span><\/p>\n","protected":false},"excerpt":{"rendered":"<p>Por Samanta Sallum\u00a0 Amanh\u00e3 ser\u00e1 realizada a elei\u00e7\u00e3o para dire\u00e7\u00e3o do Sebrae Nacional, apesar do pedido oficial do vice-presidente eleito, Geraldo Alckmin, para que fosse adiada para fevereiro. A quest\u00e3o \u00e9 que o governo federal participa com representantes no Conselho Deliberativo e, atualmente, estes s\u00e3o indicados do presidente Jair Bolsonaro. O mandato do Conselho e dos tr\u00eas diretores do Sebrae [&hellip;]<\/p>\n","protected":false},"author":125,"featured_media":10946,"comment_status":"open","ping_status":"open","sticky":false,"template":"","format":"standard","meta":{"footnotes":""},"categories":[6],"tags":[1621,855,50],"class_list":["post-10921","post","type-post","status-publish","format-standard","has-post-thumbnail","hentry","category-coluna-capital-s-a","tag-conselho","tag-eleicao","tag-sebrae"],"_links":{"self":[{"href":"https:\/\/blogs.correiobraziliense.com.br\/capital-sa\/wp-json\/wp\/v2\/posts\/10921","targetHints":{"allow":["GET"]}}],"collection":[{"href":"https:\/\/blogs.correiobraziliense.com.br\/capital-sa\/wp-json\/wp\/v2\/posts"}],"about":[{"href":"https:\/\/blogs.correiobraziliense.com.br\/capital-sa\/wp-json\/wp\/v2\/types\/post"}],"author":[{"embeddable":true,"href":"https:\/\/blogs.correiobraziliense.com.br\/capital-sa\/wp-json\/wp\/v2\/users\/125"}],"replies":[{"embeddable":true,"href":"https:\/\/blogs.correiobraziliense.com.br\/capital-sa\/wp-json\/wp\/v2\/comments?post=10921"}],"version-history":[{"count":11,"href":"https:\/\/blogs.correiobraziliense.com.br\/capital-sa\/wp-json\/wp\/v2\/posts\/10921\/revisions"}],"predecessor-version":[{"id":10961,"href":"https:\/\/blogs.correiobraziliense.com.br\/capital-sa\/wp-json\/wp\/v2\/posts\/10921\/revisions\/10961"}],"wp:featuredmedia":[{"embeddable":true,"href":"https:\/\/blogs.correiobraziliense.com.br\/capital-sa\/wp-json\/wp\/v2\/media\/10946"}],"wp:attachment":[{"href":"https:\/\/blogs.correiobraziliense.com.br\/capital-sa\/wp-json\/wp\/v2\/media?parent=10921"}],"wp:term":[{"taxonomy":"category","embeddable":true,"href":"https:\/\/blogs.correiobraziliense.com.br\/capital-sa\/wp-json\/wp\/v2\/categories?post=10921"},{"taxonomy":"post_tag","embeddable":true,"href":"https:\/\/blogs.correiobraziliense.com.br\/capital-sa\/wp-json\/wp\/v2\/tags?post=10921"}],"curies":[{"name":"wp","href":"https:\/\/api.w.org\/{rel}","templated":true}]}}