{"id":1091,"date":"2020-12-21T09:17:36","date_gmt":"2020-12-21T12:17:36","guid":{"rendered":"https:\/\/blogs.correiobraziliense.com.br\/capital-sa\/?p=1091"},"modified":"2020-12-21T13:48:10","modified_gmt":"2020-12-21T16:48:10","slug":"premio-empresa-amiga-da-familia","status":"publish","type":"post","link":"https:\/\/blogs.correiobraziliense.com.br\/capital-sa\/2020\/12\/21\/premio-empresa-amiga-da-familia\/","title":{"rendered":"Pr\u00eamio Empresa Amiga da Fam\u00edlia"},"content":{"rendered":"<p>A Secretaria Nacional da Fam\u00edlia (SNF) vai lan\u00e7ar o edital do pr\u00eamio Selo Empresa Amiga da Fam\u00edlia, que tem a finalidade de reconhecer publicamente as empresas que se mostram comprometidas com o equil\u00edbrio trabalho-fam\u00edlia.<\/p>\n<p>O selo ter\u00e1 validade de dois anos, podendo ser suspenso caso os requisitos previstos deixem de ser atendidos.<\/p>\n<p>A C\u00e2mara de Mulheres Empreendedoras e Gestoras de Neg\u00f3cios da Fecom\u00e9rcio-DF promoveu, no espa\u00e7o Renata La Porta, palestra para as conselheiras com o tema equil\u00edbrio, trabalho e fam\u00edlia.<\/p>\n<p>A secret\u00e1ria Nacional da Fam\u00edlia, do Minist\u00e9rio da Mulher, da Fam\u00edlia e dos Direitos Humanos (MMFDH), \u00c2ngela Gandra, foi a convidada especial.<\/p>\n<blockquote><p>&#8220;Temos como foco a proje\u00e7\u00e3o social e econ\u00f4mica da fam\u00edlia, buscar o equil\u00edbrio fam\u00edlia-trabalho e o cultivo da solidariedade intergeracional&#8221;, disse <strong>\u00c2ngela<\/strong>.<\/p><\/blockquote>\n<h3>Conciliar multitarefas<\/h3>\n<p>O debate mostrou como conciliar alta produtividade e tempo de qualidade com a fam\u00edlia, envolvendo a sociedade civil, sua organiza\u00e7\u00e3o e criatividade.<\/p>\n<p>&#8220;A sociedade precisa da for\u00e7a da mulher em todos os aspectos. Parabenizo a C\u00e2mara das Mulheres por encorajar e auxiliar diversas mulheres em Bras\u00edlia&#8221;, refor\u00e7ou \u00c2ngela.<\/p>\n<p><img loading=\"lazy\" decoding=\"async\" class=\"aligncenter size-medium wp-image-1093\" src=\"https:\/\/blogs.correiobraziliense.com.br\/capital-sa\/wp-content\/uploads\/sites\/59\/2020\/12\/ms-300x274.jpg\" alt=\"\" width=\"300\" height=\"274\" srcset=\"https:\/\/blogs.correiobraziliense.com.br\/capital-sa\/wp-content\/uploads\/sites\/59\/2020\/12\/ms-300x274.jpg 300w, https:\/\/blogs.correiobraziliense.com.br\/capital-sa\/wp-content\/uploads\/sites\/59\/2020\/12\/ms-768x702.jpg 768w, https:\/\/blogs.correiobraziliense.com.br\/capital-sa\/wp-content\/uploads\/sites\/59\/2020\/12\/ms-800x731.jpg 800w, https:\/\/blogs.correiobraziliense.com.br\/capital-sa\/wp-content\/uploads\/sites\/59\/2020\/12\/ms-550x503.jpg 550w, https:\/\/blogs.correiobraziliense.com.br\/capital-sa\/wp-content\/uploads\/sites\/59\/2020\/12\/ms-230x210.jpg 230w, https:\/\/blogs.correiobraziliense.com.br\/capital-sa\/wp-content\/uploads\/sites\/59\/2020\/12\/ms.jpg 929w\" sizes=\"auto, (max-width: 300px) 100vw, 300px\" \/><\/p>\n<h3><\/h3>\n<h3>Gera\u00e7\u00e3o de emprego e renda<\/h3>\n<p>O presidente da Fecom\u00e9rcio-DF, Francisco Maia, participou do evento. &#8220;Quando eu assumi a Federa\u00e7\u00e3o, criamos a C\u00e2mara das Mulheres Empreendedoras. Em Bras\u00edlia, h\u00e1 v\u00e1rias que participam efetivamente da economia da cidade, gerando emprego e renda&#8221;, destacou Maia.<\/p>\n<blockquote><p>&#8220;Durante a pandemia, ficou claro o quanto a fam\u00edlia \u00e9 importante para todos n\u00f3s&#8221;, afirmou <strong>Beatriz Guimar\u00e3es,<\/strong> presidente da C\u00e2mara das Mulheres no DF.<\/p><\/blockquote>\n<p>&nbsp;<\/p>\n<p><img loading=\"lazy\" decoding=\"async\" class=\"aligncenter size-medium wp-image-1098\" src=\"https:\/\/blogs.correiobraziliense.com.br\/capital-sa\/wp-content\/uploads\/sites\/59\/2020\/12\/239e6e4c-0fe4-4d69-bba6-80f980c31f4c-300x200.jpg\" alt=\"\" width=\"300\" height=\"200\" srcset=\"https:\/\/blogs.correiobraziliense.com.br\/capital-sa\/wp-content\/uploads\/sites\/59\/2020\/12\/239e6e4c-0fe4-4d69-bba6-80f980c31f4c-300x200.jpg 300w, https:\/\/blogs.correiobraziliense.com.br\/capital-sa\/wp-content\/uploads\/sites\/59\/2020\/12\/239e6e4c-0fe4-4d69-bba6-80f980c31f4c-768x512.jpg 768w, https:\/\/blogs.correiobraziliense.com.br\/capital-sa\/wp-content\/uploads\/sites\/59\/2020\/12\/239e6e4c-0fe4-4d69-bba6-80f980c31f4c-1024x682.jpg 1024w, https:\/\/blogs.correiobraziliense.com.br\/capital-sa\/wp-content\/uploads\/sites\/59\/2020\/12\/239e6e4c-0fe4-4d69-bba6-80f980c31f4c-800x533.jpg 800w, https:\/\/blogs.correiobraziliense.com.br\/capital-sa\/wp-content\/uploads\/sites\/59\/2020\/12\/239e6e4c-0fe4-4d69-bba6-80f980c31f4c-550x367.jpg 550w, https:\/\/blogs.correiobraziliense.com.br\/capital-sa\/wp-content\/uploads\/sites\/59\/2020\/12\/239e6e4c-0fe4-4d69-bba6-80f980c31f4c-230x153.jpg 230w, https:\/\/blogs.correiobraziliense.com.br\/capital-sa\/wp-content\/uploads\/sites\/59\/2020\/12\/239e6e4c-0fe4-4d69-bba6-80f980c31f4c.jpg 1280w\" sizes=\"auto, (max-width: 300px) 100vw, 300px\" \/><\/p>\n","protected":false},"excerpt":{"rendered":"<p>A Secretaria Nacional da Fam\u00edlia (SNF) vai lan\u00e7ar o edital do pr\u00eamio Selo Empresa Amiga da Fam\u00edlia, que tem a finalidade de reconhecer publicamente as empresas que se mostram comprometidas com o equil\u00edbrio trabalho-fam\u00edlia. O selo ter\u00e1 validade de dois anos, podendo ser suspenso caso os requisitos previstos deixem de ser atendidos. A C\u00e2mara de Mulheres Empreendedoras e Gestoras de [&hellip;]<\/p>\n","protected":false},"author":125,"featured_media":1092,"comment_status":"open","ping_status":"open","sticky":false,"template":"","format":"standard","meta":{"footnotes":""},"categories":[6],"tags":[341,339,159,103,331,340,2],"class_list":["post-1091","post","type-post","status-publish","format-standard","has-post-thumbnail","hentry","category-coluna-capital-s-a","tag-camaradasmulheresempreendedoras","tag-familia","tag-fecomerciodf","tag-mulheres","tag-premio","tag-trabalho","tag-empreendedorismo"],"_links":{"self":[{"href":"https:\/\/blogs.correiobraziliense.com.br\/capital-sa\/wp-json\/wp\/v2\/posts\/1091","targetHints":{"allow":["GET"]}}],"collection":[{"href":"https:\/\/blogs.correiobraziliense.com.br\/capital-sa\/wp-json\/wp\/v2\/posts"}],"about":[{"href":"https:\/\/blogs.correiobraziliense.com.br\/capital-sa\/wp-json\/wp\/v2\/types\/post"}],"author":[{"embeddable":true,"href":"https:\/\/blogs.correiobraziliense.com.br\/capital-sa\/wp-json\/wp\/v2\/users\/125"}],"replies":[{"embeddable":true,"href":"https:\/\/blogs.correiobraziliense.com.br\/capital-sa\/wp-json\/wp\/v2\/comments?post=1091"}],"version-history":[{"count":4,"href":"https:\/\/blogs.correiobraziliense.com.br\/capital-sa\/wp-json\/wp\/v2\/posts\/1091\/revisions"}],"predecessor-version":[{"id":1099,"href":"https:\/\/blogs.correiobraziliense.com.br\/capital-sa\/wp-json\/wp\/v2\/posts\/1091\/revisions\/1099"}],"wp:featuredmedia":[{"embeddable":true,"href":"https:\/\/blogs.correiobraziliense.com.br\/capital-sa\/wp-json\/wp\/v2\/media\/1092"}],"wp:attachment":[{"href":"https:\/\/blogs.correiobraziliense.com.br\/capital-sa\/wp-json\/wp\/v2\/media?parent=1091"}],"wp:term":[{"taxonomy":"category","embeddable":true,"href":"https:\/\/blogs.correiobraziliense.com.br\/capital-sa\/wp-json\/wp\/v2\/categories?post=1091"},{"taxonomy":"post_tag","embeddable":true,"href":"https:\/\/blogs.correiobraziliense.com.br\/capital-sa\/wp-json\/wp\/v2\/tags?post=1091"}],"curies":[{"name":"wp","href":"https:\/\/api.w.org\/{rel}","templated":true}]}}