{"id":1086,"date":"2020-12-21T09:20:53","date_gmt":"2020-12-21T12:20:53","guid":{"rendered":"https:\/\/blogs.correiobraziliense.com.br\/capital-sa\/?p=1086"},"modified":"2020-12-21T09:24:10","modified_gmt":"2020-12-21T12:24:10","slug":"novos-candangos","status":"publish","type":"post","link":"https:\/\/blogs.correiobraziliense.com.br\/capital-sa\/2020\/12\/21\/novos-candangos\/","title":{"rendered":"Novos candangos"},"content":{"rendered":"<p>Bras\u00edlia continua atraindo pessoas de todo o Brasil que trazem na mala o sonho de prosperidade na capital. Como no in\u00edcio da constru\u00e7\u00e3o, novas oportunidades de trabalho se apresentam, mas n\u00e3o apenas na \u00e1rea p\u00fablica. Os novos empreendimentos do setor privado trazem os &#8220;novos candangos&#8221;. \u00c9 o caso de Jos\u00e9 Roberto Carneiro, de 24 anos. Veio do Rio de Janeiro para assumir a ger\u00eancia das rec\u00e9m-inauguradas lojas da cafeteria Starbucks, no aeroporto.<\/p>\n<p>Toda a equipe de 45 pessoas foi contratada em Bras\u00edlia. Mas Beto, como \u00e9 mais conhecido, veio para liderar o grupo, treinar, supervisionar e, assim, garantir o padr\u00e3o internacional da marca. A empresa abriu em 2 de dezembro as primeiras unidades no DF.<\/p>\n<p>&nbsp;<\/p>\n<h3>Carreira iniciada aos 18<\/h3>\n<p>Beto comunicou \u00e0 empresa a vontade de se mudar para Bras\u00edlia e assumir o desafio. Ele n\u00e3o titubeou em deixar para tr\u00e1s as praias cariocas. A capital representa mais um salto na carreira dentro da empresa, que come\u00e7ou aos 18 anos, como atendente. \u201cEu vi em Bras\u00edlia uma grande oportunidade. Estou me adaptando e gostando muito\u201d, diz.<\/p>\n<h3><\/h3>\n<h3>Coffee Master<\/h3>\n<p>O carioca tem uma posi\u00e7\u00e3o de destaque na hierarquia dos especialistas em caf\u00e9 . Ele \u00e9 barista de avental preto (e n\u00e3o o tradicional verde) da Starbucks. Isso significa que faz parte do seleto grupo de mestres do caf\u00e9.<\/p>\n<h3><\/h3>\n<h3>Eduardo e M\u00f4nica<\/h3>\n<p>Est\u00e1 na cidade h\u00e1 tr\u00eas meses, morando em \u00c1guas Claras. Fez quest\u00e3o, no pouco tempo livre, de conhecer mais a capital. Visitou a Torre de TV, o Lago Parano\u00e1 e o Parque da Cidade, embalado pelas m\u00fasicas da banda Legi\u00e3o Urbana. \u201cFoi uma sensa\u00e7\u00e3o muito legal no parque. Me senti dentro da m\u00fasica Eduardo e M\u00f4nica\u201d, conta.<\/p>\n<p>Formado em administra\u00e7\u00e3o de empresas, Beto sonha agora em trazer a m\u00e3e do Rio para morar com ele, aqui, na capital.<\/p>\n<p>&nbsp;<\/p>\n<h3>Especial de Natal<\/h3>\n<p>Aberta h\u00e1 menos de 1 m\u00eas, a Starbucks no aeroporto de Bras\u00edlia est\u00e1 registrando grande movimento. Inaugurou com atra\u00e7\u00f5es especiais de Natal, como o colorido bolo Unic\u00f3rnio que \u00e9 vendido na loja e tamb\u00e9m por encomendas. A empresa est\u00e1 h\u00e1 14 anos no Brasil, no eixo Rio &#8211; S\u00e3o Paulo. Com as lojas na capital, chega agora a 123 unidades no pa\u00eds.<\/p>\n<p>&nbsp;<\/p>\n<p><img loading=\"lazy\" decoding=\"async\" class=\"aligncenter size-medium wp-image-1087\" src=\"https:\/\/blogs.correiobraziliense.com.br\/capital-sa\/wp-content\/uploads\/sites\/59\/2020\/12\/bolo-300x226.jpg\" alt=\"\" width=\"300\" height=\"226\" srcset=\"https:\/\/blogs.correiobraziliense.com.br\/capital-sa\/wp-content\/uploads\/sites\/59\/2020\/12\/bolo-300x226.jpg 300w, https:\/\/blogs.correiobraziliense.com.br\/capital-sa\/wp-content\/uploads\/sites\/59\/2020\/12\/bolo-768x579.jpg 768w, https:\/\/blogs.correiobraziliense.com.br\/capital-sa\/wp-content\/uploads\/sites\/59\/2020\/12\/bolo-1024x772.jpg 1024w, https:\/\/blogs.correiobraziliense.com.br\/capital-sa\/wp-content\/uploads\/sites\/59\/2020\/12\/bolo-800x603.jpg 800w, https:\/\/blogs.correiobraziliense.com.br\/capital-sa\/wp-content\/uploads\/sites\/59\/2020\/12\/bolo-550x415.jpg 550w, https:\/\/blogs.correiobraziliense.com.br\/capital-sa\/wp-content\/uploads\/sites\/59\/2020\/12\/bolo-230x173.jpg 230w, https:\/\/blogs.correiobraziliense.com.br\/capital-sa\/wp-content\/uploads\/sites\/59\/2020\/12\/bolo.jpg 1280w\" sizes=\"auto, (max-width: 300px) 100vw, 300px\" \/><\/p>\n","protected":false},"excerpt":{"rendered":"<p>Bras\u00edlia continua atraindo pessoas de todo o Brasil que trazem na mala o sonho de prosperidade na capital. Como no in\u00edcio da constru\u00e7\u00e3o, novas oportunidades de trabalho se apresentam, mas n\u00e3o apenas na \u00e1rea p\u00fablica. Os novos empreendimentos do setor privado trazem os &#8220;novos candangos&#8221;. \u00c9 o caso de Jos\u00e9 Roberto Carneiro, de 24 anos. Veio do Rio de Janeiro [&hellip;]<\/p>\n","protected":false},"author":125,"featured_media":1088,"comment_status":"open","ping_status":"open","sticky":false,"template":"","format":"standard","meta":{"footnotes":""},"categories":[6],"tags":[151,124,248,217],"class_list":["post-1086","post","type-post","status-publish","format-standard","has-post-thumbnail","hentry","category-coluna-capital-s-a","tag-barista","tag-brasilia","tag-carreira","tag-starbucks"],"_links":{"self":[{"href":"https:\/\/blogs.correiobraziliense.com.br\/capital-sa\/wp-json\/wp\/v2\/posts\/1086","targetHints":{"allow":["GET"]}}],"collection":[{"href":"https:\/\/blogs.correiobraziliense.com.br\/capital-sa\/wp-json\/wp\/v2\/posts"}],"about":[{"href":"https:\/\/blogs.correiobraziliense.com.br\/capital-sa\/wp-json\/wp\/v2\/types\/post"}],"author":[{"embeddable":true,"href":"https:\/\/blogs.correiobraziliense.com.br\/capital-sa\/wp-json\/wp\/v2\/users\/125"}],"replies":[{"embeddable":true,"href":"https:\/\/blogs.correiobraziliense.com.br\/capital-sa\/wp-json\/wp\/v2\/comments?post=1086"}],"version-history":[{"count":2,"href":"https:\/\/blogs.correiobraziliense.com.br\/capital-sa\/wp-json\/wp\/v2\/posts\/1086\/revisions"}],"predecessor-version":[{"id":1097,"href":"https:\/\/blogs.correiobraziliense.com.br\/capital-sa\/wp-json\/wp\/v2\/posts\/1086\/revisions\/1097"}],"wp:featuredmedia":[{"embeddable":true,"href":"https:\/\/blogs.correiobraziliense.com.br\/capital-sa\/wp-json\/wp\/v2\/media\/1088"}],"wp:attachment":[{"href":"https:\/\/blogs.correiobraziliense.com.br\/capital-sa\/wp-json\/wp\/v2\/media?parent=1086"}],"wp:term":[{"taxonomy":"category","embeddable":true,"href":"https:\/\/blogs.correiobraziliense.com.br\/capital-sa\/wp-json\/wp\/v2\/categories?post=1086"},{"taxonomy":"post_tag","embeddable":true,"href":"https:\/\/blogs.correiobraziliense.com.br\/capital-sa\/wp-json\/wp\/v2\/tags?post=1086"}],"curies":[{"name":"wp","href":"https:\/\/api.w.org\/{rel}","templated":true}]}}