{"id":10853,"date":"2022-11-19T02:06:19","date_gmt":"2022-11-19T05:06:19","guid":{"rendered":"https:\/\/blogs.correiobraziliense.com.br\/capital-sa\/?p=10853"},"modified":"2022-11-21T22:37:24","modified_gmt":"2022-11-22T01:37:24","slug":"presenca-brasiliense-no-sao-paulo-fashion-week","status":"publish","type":"post","link":"https:\/\/blogs.correiobraziliense.com.br\/capital-sa\/2022\/11\/19\/presenca-brasiliense-no-sao-paulo-fashion-week\/","title":{"rendered":"Presen\u00e7a brasiliense no S\u00e3o Paulo Fashion Week"},"content":{"rendered":"<p class=\"p1\"><b>Por Samanta Sallum\u00a0<\/b><\/p>\n<p class=\"p1\"><span class=\"s1\">Jovens da periferia do DF est\u00e3o no S\u00e3o Paulo Fashion Week desfilando acess\u00f3rios da marca brasiliense Zinc Complements. Gabriela Nicoly e Ester de Sousa venceram o concurso de beleza organizado pela Central \u00danica das Favelas &#8211; CUFA\/DF. E Camila Gon\u00e7alves por Goi\u00e1s. A viagem \u00e9 coordenada pelo produtor de moda Thiago Malva, que selecionou marcas da capital federal nos looks das modelos.<\/span><\/p>\n<p class=\"p1\"><span class=\"s1\"><b>Olhar para a inclus\u00e3o <\/b><\/span><\/p>\n<p class=\"p1\"><span class=\"s1\">&#8220;A Zinc tem esse olhar especial para<span class=\"Apple-converted-space\">\u00a0a\u00a0<\/span>inclus\u00e3o e,<span class=\"Apple-converted-space\">\u00a0<\/span>principalmente, atua no combate ao preconceito. Temos uma hist\u00f3ria de trabalho social nas comunidades de Bras\u00edlia e ficamos felizes de valorizar as mulheres em toda a sua diversidade: de tom de pele, de peso, de altura\u00a0 etc. A beleza est\u00e1 no respeito ao jeito de ser de cada uma&#8221;, destaca a empres\u00e1ria\u00a0<\/span><span class=\"s1\">Fl\u00e1via Oliveira, fundadora da Zinc. <\/span><\/p>\n","protected":false},"excerpt":{"rendered":"<p>Por Samanta Sallum\u00a0 Jovens da periferia do DF est\u00e3o no S\u00e3o Paulo Fashion Week desfilando acess\u00f3rios da marca brasiliense Zinc Complements. Gabriela Nicoly e Ester de Sousa venceram o concurso de beleza organizado pela Central \u00danica das Favelas &#8211; CUFA\/DF. E Camila Gon\u00e7alves por Goi\u00e1s. A viagem \u00e9 coordenada pelo produtor de moda Thiago Malva, que selecionou marcas da capital [&hellip;]<\/p>\n","protected":false},"author":125,"featured_media":10858,"comment_status":"open","ping_status":"open","sticky":false,"template":"","format":"standard","meta":{"footnotes":""},"categories":[6],"tags":[1598,1684,1340,1681,1682,1683,55],"class_list":["post-10853","post","type-post","status-publish","format-standard","has-post-thumbnail","hentry","category-coluna-capital-s-a","tag-concurso","tag-cufadf","tag-desfile","tag-saopaulofashionweek","tag-spfw","tag-zinc","tag-moda"],"_links":{"self":[{"href":"https:\/\/blogs.correiobraziliense.com.br\/capital-sa\/wp-json\/wp\/v2\/posts\/10853","targetHints":{"allow":["GET"]}}],"collection":[{"href":"https:\/\/blogs.correiobraziliense.com.br\/capital-sa\/wp-json\/wp\/v2\/posts"}],"about":[{"href":"https:\/\/blogs.correiobraziliense.com.br\/capital-sa\/wp-json\/wp\/v2\/types\/post"}],"author":[{"embeddable":true,"href":"https:\/\/blogs.correiobraziliense.com.br\/capital-sa\/wp-json\/wp\/v2\/users\/125"}],"replies":[{"embeddable":true,"href":"https:\/\/blogs.correiobraziliense.com.br\/capital-sa\/wp-json\/wp\/v2\/comments?post=10853"}],"version-history":[{"count":7,"href":"https:\/\/blogs.correiobraziliense.com.br\/capital-sa\/wp-json\/wp\/v2\/posts\/10853\/revisions"}],"predecessor-version":[{"id":10888,"href":"https:\/\/blogs.correiobraziliense.com.br\/capital-sa\/wp-json\/wp\/v2\/posts\/10853\/revisions\/10888"}],"wp:featuredmedia":[{"embeddable":true,"href":"https:\/\/blogs.correiobraziliense.com.br\/capital-sa\/wp-json\/wp\/v2\/media\/10858"}],"wp:attachment":[{"href":"https:\/\/blogs.correiobraziliense.com.br\/capital-sa\/wp-json\/wp\/v2\/media?parent=10853"}],"wp:term":[{"taxonomy":"category","embeddable":true,"href":"https:\/\/blogs.correiobraziliense.com.br\/capital-sa\/wp-json\/wp\/v2\/categories?post=10853"},{"taxonomy":"post_tag","embeddable":true,"href":"https:\/\/blogs.correiobraziliense.com.br\/capital-sa\/wp-json\/wp\/v2\/tags?post=10853"}],"curies":[{"name":"wp","href":"https:\/\/api.w.org\/{rel}","templated":true}]}}