{"id":10836,"date":"2022-11-18T00:19:15","date_gmt":"2022-11-18T03:19:15","guid":{"rendered":"https:\/\/blogs.correiobraziliense.com.br\/capital-sa\/?p=10836"},"modified":"2022-11-18T11:02:51","modified_gmt":"2022-11-18T14:02:51","slug":"produtor-de-organicos-no-df-e-nomeado-no-governo-de-transicao-de-lula","status":"publish","type":"post","link":"https:\/\/blogs.correiobraziliense.com.br\/capital-sa\/2022\/11\/18\/produtor-de-organicos-no-df-e-nomeado-no-governo-de-transicao-de-lula\/","title":{"rendered":"Produtor de org\u00e2nicos no DF \u00e9 nomeado no governo de transi\u00e7\u00e3o de Lula"},"content":{"rendered":"<p><b>Por Samanta Sallum\u00a0<\/b><\/p>\n<p class=\"p1\">O ex-deputado distrital e ex-presidente da C\u00e2mara Legislativa do DF Joe Valle foi nomeado ontem um dos oito coordenadores para o setor de Agricultura, no governo de transi\u00e7\u00e3o de Lula (PT). Joe \u00e9 filiado ao PDT e foi candidato ao Senado, na elei\u00e7\u00e3o passada, obtendo cerca de 50 mil votos.<\/p>\n<p class=\"p1\"><span class=\"s1\">A atua\u00e7\u00e3o dele como produtor rural de org\u00e2nicos \u00e9 refer\u00eancia na capital federal e em todo o pa\u00eds. Joe est\u00e1 \u00e0 frente da Fazenda Malunga. Os produtos da marca s\u00e3o vendidos em mercados pr\u00f3prios do grupo e tamb\u00e9m em diversos pontos comerciais. <\/span><\/p>\n<p class=\"p1\"><span class=\"s1\">A Fazenda Malunga \u00e9 a maior produtora de hortali\u00e7as org\u00e2nicas do Brasil e uma das maiores da Am\u00e9rica Latina. Desde 2005, cresce 30% ao ano.<\/span><\/p>\n<p class=\"p1\"><span class=\"s1\">O empres\u00e1rio do agroneg\u00f3cio vai defender mais apoio \u00e0s pr\u00e1ticas sustent\u00e1veis na agricultura.<br \/>\n<\/span><\/p>\n<blockquote>\n<p class=\"p1\"><span class=\"s1\">\u201cN\u00e3o \u00e9 uma quest\u00e3o de ideologia. \u00c9 uma quest\u00e3o de mercado atualmente. Basta olhar o que est\u00e1 acontecendo no mundo. O que est\u00e1 sendo discutido agora l\u00e1 no Egito, na COP27. Se mostrarmos ao mundo que somos refer\u00eancia nesta produ\u00e7\u00e3o agr\u00edcola sustent\u00e1vel, vamos atrair investimentos estrangeiros mais s\u00f3lidos\u201d, explicou ao blog.<\/span><\/p>\n<\/blockquote>\n<p class=\"p1\"><span class=\"s1\">Fazem parte da equipe de transi\u00e7\u00e3o para a \u00e1rea de Agricultura: Carlos F\u00e1varo, senador (PSD-MT); Evandro Gussi, ex-deputado federal, CEO da Unica; K\u00e1tia Abreu, senadora, ex-ministra da Agricultura; Luiz Carlos Guedes, doutor em agronomia, ex-ministro da Agricultura; Neri Geller, ex-ministro da Agricultura e deputado federal MT; Silvio Pestana, ex-diretor da Embrapa; e Tatiana de Abreu, ex-diretora executiva da Embrapa.<br \/>\n<\/span><\/p>\n<p>Joe Valle tamb\u00e9m est\u00e1 participando do governo de transi\u00e7\u00e3o no Distrito Federal, do governador Ibaneis Rocha (MDB). No \u00e2mbito local, est\u00e1 contribuindo na equipe de Sustentabilidade.<\/p>\n","protected":false},"excerpt":{"rendered":"<p>Por Samanta Sallum\u00a0 O ex-deputado distrital e ex-presidente da C\u00e2mara Legislativa do DF Joe Valle foi nomeado ontem um dos oito coordenadores para o setor de Agricultura, no governo de transi\u00e7\u00e3o de Lula (PT). Joe \u00e9 filiado ao PDT e foi candidato ao Senado, na elei\u00e7\u00e3o passada, obtendo cerca de 50 mil votos. A atua\u00e7\u00e3o dele como produtor rural de [&hellip;]<\/p>\n","protected":false},"author":125,"featured_media":10840,"comment_status":"open","ping_status":"open","sticky":false,"template":"","format":"standard","meta":{"footnotes":""},"categories":[6],"tags":[1268,1670,1672,1671,1673],"class_list":["post-10836","post","type-post","status-publish","format-standard","has-post-thumbnail","hentry","category-coluna-capital-s-a","tag-governo","tag-joevalle","tag-malunga","tag-produtosorganicos","tag-transicao"],"_links":{"self":[{"href":"https:\/\/blogs.correiobraziliense.com.br\/capital-sa\/wp-json\/wp\/v2\/posts\/10836","targetHints":{"allow":["GET"]}}],"collection":[{"href":"https:\/\/blogs.correiobraziliense.com.br\/capital-sa\/wp-json\/wp\/v2\/posts"}],"about":[{"href":"https:\/\/blogs.correiobraziliense.com.br\/capital-sa\/wp-json\/wp\/v2\/types\/post"}],"author":[{"embeddable":true,"href":"https:\/\/blogs.correiobraziliense.com.br\/capital-sa\/wp-json\/wp\/v2\/users\/125"}],"replies":[{"embeddable":true,"href":"https:\/\/blogs.correiobraziliense.com.br\/capital-sa\/wp-json\/wp\/v2\/comments?post=10836"}],"version-history":[{"count":10,"href":"https:\/\/blogs.correiobraziliense.com.br\/capital-sa\/wp-json\/wp\/v2\/posts\/10836\/revisions"}],"predecessor-version":[{"id":10852,"href":"https:\/\/blogs.correiobraziliense.com.br\/capital-sa\/wp-json\/wp\/v2\/posts\/10836\/revisions\/10852"}],"wp:featuredmedia":[{"embeddable":true,"href":"https:\/\/blogs.correiobraziliense.com.br\/capital-sa\/wp-json\/wp\/v2\/media\/10840"}],"wp:attachment":[{"href":"https:\/\/blogs.correiobraziliense.com.br\/capital-sa\/wp-json\/wp\/v2\/media?parent=10836"}],"wp:term":[{"taxonomy":"category","embeddable":true,"href":"https:\/\/blogs.correiobraziliense.com.br\/capital-sa\/wp-json\/wp\/v2\/categories?post=10836"},{"taxonomy":"post_tag","embeddable":true,"href":"https:\/\/blogs.correiobraziliense.com.br\/capital-sa\/wp-json\/wp\/v2\/tags?post=10836"}],"curies":[{"name":"wp","href":"https:\/\/api.w.org\/{rel}","templated":true}]}}