{"id":10803,"date":"2022-11-16T22:36:25","date_gmt":"2022-11-17T01:36:25","guid":{"rendered":"https:\/\/blogs.correiobraziliense.com.br\/capital-sa\/?p=10803"},"modified":"2022-11-18T10:48:41","modified_gmt":"2022-11-18T13:48:41","slug":"candidaturas-para-presidir-conselho-do-sebrae-df-sao-oficializadas","status":"publish","type":"post","link":"https:\/\/blogs.correiobraziliense.com.br\/capital-sa\/2022\/11\/16\/candidaturas-para-presidir-conselho-do-sebrae-df-sao-oficializadas\/","title":{"rendered":"Candidaturas para presidir Conselho do Sebrae\/DF s\u00e3o oficializadas"},"content":{"rendered":"<p class=\"p1\"><b>Por Samanta Sallum\u00a0<\/b><\/p>\n<p class=\"p1\"><span class=\"s1\">Duas candidaturas j\u00e1 foram oficialmente inscritas para disputar a presid\u00eancia do Conselho Deliberativo do Sebrae no DF. As de Fernando C\u00e9zar Ribeiro, que preside a Federa\u00e7\u00e3o da Agricultura e Pecu\u00e1ria (FAPE); e a de Jos\u00e9 Aparecido Freire, da Federa\u00e7\u00e3o do Com\u00e9rcio, Bens e Servi\u00e7os (Fecom\u00e9rcio).<\/span><\/p>\n<p class=\"p1\"><span class=\"s1\">O l\u00edder da FAPE reafirmou que est\u00e1 no p\u00e1reo. \u201cN\u00e3o vou abrir m\u00e3o da minha candidatura. Espero que o processo de elei\u00e7\u00e3o ocorra de forma leal e que o setor produtivo se mantenha unido\u201d, disse \u00e0 coluna. Ribeiro j\u00e1 participa h\u00e1 12 anos como conselheiro da entidade.<\/span><\/p>\n<p><img loading=\"lazy\" decoding=\"async\" class=\"aligncenter size-medium wp-image-10808\" src=\"https:\/\/blogs.correiobraziliense.com.br\/capital-sa\/wp-content\/uploads\/sites\/59\/2022\/11\/CA6669A5-B730-4698-82A8-E0B03EBDD3DC-300x168.jpeg\" alt=\"\" width=\"300\" height=\"168\" srcset=\"https:\/\/blogs.correiobraziliense.com.br\/capital-sa\/wp-content\/uploads\/sites\/59\/2022\/11\/CA6669A5-B730-4698-82A8-E0B03EBDD3DC-300x168.jpeg 300w, https:\/\/blogs.correiobraziliense.com.br\/capital-sa\/wp-content\/uploads\/sites\/59\/2022\/11\/CA6669A5-B730-4698-82A8-E0B03EBDD3DC-550x307.jpeg 550w, https:\/\/blogs.correiobraziliense.com.br\/capital-sa\/wp-content\/uploads\/sites\/59\/2022\/11\/CA6669A5-B730-4698-82A8-E0B03EBDD3DC-230x129.jpeg 230w, https:\/\/blogs.correiobraziliense.com.br\/capital-sa\/wp-content\/uploads\/sites\/59\/2022\/11\/CA6669A5-B730-4698-82A8-E0B03EBDD3DC.jpeg 741w\" sizes=\"auto, (max-width: 300px) 100vw, 300px\" \/><\/p>\n<p class=\"p1\"><span class=\"s1\"><b>A vez de quem<\/b><\/span><\/p>\n<p class=\"p1\"><span class=\"s1\">No entendimento de Jos\u00e9 Aparecido, a vaga para presidir o Conselho desta vez seria da Fecom\u00e9rcio. \u201cEu respeito muito o Fernando. Temos uma \u00f3tima rela\u00e7\u00e3o. Mas acredito que, depois da Fibra, agora seja a vez da Fecom\u00e9rcio\u201d, disse.<\/span><\/p>\n<p><img loading=\"lazy\" decoding=\"async\" class=\"aligncenter size-medium wp-image-10810\" src=\"https:\/\/blogs.correiobraziliense.com.br\/capital-sa\/wp-content\/uploads\/sites\/59\/2022\/11\/79579D05-A38B-4DFB-A324-65ACA6476761-300x274.jpeg\" alt=\"\" width=\"300\" height=\"274\" srcset=\"https:\/\/blogs.correiobraziliense.com.br\/capital-sa\/wp-content\/uploads\/sites\/59\/2022\/11\/79579D05-A38B-4DFB-A324-65ACA6476761-300x274.jpeg 300w, https:\/\/blogs.correiobraziliense.com.br\/capital-sa\/wp-content\/uploads\/sites\/59\/2022\/11\/79579D05-A38B-4DFB-A324-65ACA6476761-230x210.jpeg 230w, https:\/\/blogs.correiobraziliense.com.br\/capital-sa\/wp-content\/uploads\/sites\/59\/2022\/11\/79579D05-A38B-4DFB-A324-65ACA6476761.jpeg 485w\" sizes=\"auto, (max-width: 300px) 100vw, 300px\" \/><\/p>\n<p class=\"p1\"><span class=\"s1\"><b>Votos <\/b><\/span><\/p>\n<p class=\"p1\"><span class=\"s1\">A elei\u00e7\u00e3o vai ocorrer na pr\u00f3xima quarta-feira, 23. Representantes de 13 institui\u00e7\u00f5es e \u00f3rg\u00e3os ligados ao empreendedorismo fazem parte do Conselho e votam. Desses, 4 s\u00e3o do GDF (SDE, BRB, Codeplan e FAP). Outros dois s\u00e3o do governo federal (Caixa Econ\u00f4mica e Banco do Brasil). A UnB tamb\u00e9m participa, junto de outros representantes do setor produtivo, como a C\u00e2mara de Dirigentes Lojistas (CDL). Ribeiro e Aparecido disputam os votos desse grupo todo.<\/span><\/p>\n<p class=\"p1\"><span class=\"s1\"><b>Diretor superintendente <\/b><\/span><\/p>\n<p class=\"p1\"><span class=\"s1\">A atual diretora administrativa do Sebrae DF, Rose Rainha, tamb\u00e9m est\u00e1 em campanha. Mas para o cargo de superintendente regional. E ela j\u00e1 conseguiu o apoio tanto de C\u00e9zar Ribeiro como de Jos\u00e9 Aparecido. Valdir Oliveira, atual superintendente, encerra o mandato em 31 de dezembro. E ele j\u00e1 tinha manifestado que seu ciclo na entidade regional tinha se encerrado.<span class=\"Apple-converted-space\">\u00a0<\/span>Que n\u00e3o pretendia disputar novamente o cargo.<\/span><\/p>\n","protected":false},"excerpt":{"rendered":"<p>Por Samanta Sallum\u00a0 Duas candidaturas j\u00e1 foram oficialmente inscritas para disputar a presid\u00eancia do Conselho Deliberativo do Sebrae no DF. As de Fernando C\u00e9zar Ribeiro, que preside a Federa\u00e7\u00e3o da Agricultura e Pecu\u00e1ria (FAPE); e a de Jos\u00e9 Aparecido Freire, da Federa\u00e7\u00e3o do Com\u00e9rcio, Bens e Servi\u00e7os (Fecom\u00e9rcio). O l\u00edder da FAPE reafirmou que est\u00e1 no p\u00e1reo. \u201cN\u00e3o vou abrir [&hellip;]<\/p>\n","protected":false},"author":125,"featured_media":10807,"comment_status":"open","ping_status":"open","sticky":false,"template":"","format":"standard","meta":{"footnotes":""},"categories":[6],"tags":[1074,1664,191,842,26],"class_list":["post-10803","post","type-post","status-publish","format-standard","has-post-thumbnail","hentry","category-coluna-capital-s-a","tag-candidaturas","tag-fape","tag-sebraedf","tag-votos","tag-fecomercio"],"_links":{"self":[{"href":"https:\/\/blogs.correiobraziliense.com.br\/capital-sa\/wp-json\/wp\/v2\/posts\/10803","targetHints":{"allow":["GET"]}}],"collection":[{"href":"https:\/\/blogs.correiobraziliense.com.br\/capital-sa\/wp-json\/wp\/v2\/posts"}],"about":[{"href":"https:\/\/blogs.correiobraziliense.com.br\/capital-sa\/wp-json\/wp\/v2\/types\/post"}],"author":[{"embeddable":true,"href":"https:\/\/blogs.correiobraziliense.com.br\/capital-sa\/wp-json\/wp\/v2\/users\/125"}],"replies":[{"embeddable":true,"href":"https:\/\/blogs.correiobraziliense.com.br\/capital-sa\/wp-json\/wp\/v2\/comments?post=10803"}],"version-history":[{"count":7,"href":"https:\/\/blogs.correiobraziliense.com.br\/capital-sa\/wp-json\/wp\/v2\/posts\/10803\/revisions"}],"predecessor-version":[{"id":10850,"href":"https:\/\/blogs.correiobraziliense.com.br\/capital-sa\/wp-json\/wp\/v2\/posts\/10803\/revisions\/10850"}],"wp:featuredmedia":[{"embeddable":true,"href":"https:\/\/blogs.correiobraziliense.com.br\/capital-sa\/wp-json\/wp\/v2\/media\/10807"}],"wp:attachment":[{"href":"https:\/\/blogs.correiobraziliense.com.br\/capital-sa\/wp-json\/wp\/v2\/media?parent=10803"}],"wp:term":[{"taxonomy":"category","embeddable":true,"href":"https:\/\/blogs.correiobraziliense.com.br\/capital-sa\/wp-json\/wp\/v2\/categories?post=10803"},{"taxonomy":"post_tag","embeddable":true,"href":"https:\/\/blogs.correiobraziliense.com.br\/capital-sa\/wp-json\/wp\/v2\/tags?post=10803"}],"curies":[{"name":"wp","href":"https:\/\/api.w.org\/{rel}","templated":true}]}}