{"id":10796,"date":"2022-11-16T22:24:09","date_gmt":"2022-11-17T01:24:09","guid":{"rendered":"https:\/\/blogs.correiobraziliense.com.br\/capital-sa\/?p=10796"},"modified":"2022-11-18T10:22:48","modified_gmt":"2022-11-18T13:22:48","slug":"copa-do-mundo-vai-injetar-r-864-milhoes-no-setor-de-bares-e-restaurantes","status":"publish","type":"post","link":"https:\/\/blogs.correiobraziliense.com.br\/capital-sa\/2022\/11\/16\/copa-do-mundo-vai-injetar-r-864-milhoes-no-setor-de-bares-e-restaurantes\/","title":{"rendered":"Copa do Mundo vai injetar R$ 864 milh\u00f5es no setor de bares e restaurantes"},"content":{"rendered":"<p class=\"p1\">A realiza\u00e7\u00e3o da Copa do Mundo de Futebol, a se iniciar no dia 20, deve gerar faturamento de R$ 864 milh\u00f5es para bares e restaurantes do pa\u00eds. Esse valor equivale a um aumento de 8,3%, j\u00e1 descontada a infla\u00e7\u00e3o, em rela\u00e7\u00e3o ao Mundial da R\u00fassia, em 2018. Por\u00e9m, 2,6% a menos que na Copa realizada no Brasil, em 2014. A proje\u00e7\u00e3o \u00e9 da Confedera\u00e7\u00e3o Nacional do Com\u00e9rcio de Bens, Servi\u00e7os e Turismo (CNC).<\/p>\n<p class=\"p1\">O fato de o campeonato ser disputado no per\u00edodo de pagamento da primeira parcela do 13\u00ba sal\u00e1rio favorece a expans\u00e3o do consumo neste ano.<\/p>\n<p><b>Sal\u00e1rio m\u00e9dio\u00a0<\/b><\/p>\n<p class=\"p1\"><span class=\"s1\">H\u00e1 previs\u00e3o de que 7,7 mil\u00a0<\/span>trabalhadores tempor\u00e1rios sejam contratados. O sal\u00e1rio m\u00e9dio dever\u00e1 ser de R$ 1,5 mil. Entre as principais vagas, est\u00e3o as de gar\u00e7ons e auxiliares, que respondem por 23,4% dos postos;\u00a0 cozinheiros, 15,6%, e atendentes de lanchonete, 15%.<\/p>\n<p class=\"p1\"><span class=\"s1\"><b>Servi\u00e7os lideram recupera\u00e7\u00e3o da economia<\/b><\/span><\/p>\n<p class=\"p1\"><span class=\"s1\"> \u201cApesar de ter sido um dos setores mais castigados pelas consequ\u00eancias econ\u00f4micas decorrentes da pandemia, quando comparados \u00e0s demais atividades, os servi\u00e7os apresentam atualmente o maior avan\u00e7o de recupera\u00e7\u00e3o, de 12%, em rela\u00e7\u00e3o ao patamar pr\u00e9-covid\u201d, analisa o economista<\/span><span class=\"s1\"> Fabio Bentes.<br \/>\n<\/span><\/p>\n<p class=\"p1\"><span class=\"s1\">Segundo ele, o fim de 2022 apresenta um cen\u00e1rio promissor para essas atividades dedicadas aos servi\u00e7os de alimenta\u00e7\u00e3o.<\/span><\/p>\n","protected":false},"excerpt":{"rendered":"<p>A realiza\u00e7\u00e3o da Copa do Mundo de Futebol, a se iniciar no dia 20, deve gerar faturamento de R$ 864 milh\u00f5es para bares e restaurantes do pa\u00eds. Esse valor equivale a um aumento de 8,3%, j\u00e1 descontada a infla\u00e7\u00e3o, em rela\u00e7\u00e3o ao Mundial da R\u00fassia, em 2018. Por\u00e9m, 2,6% a menos que na Copa realizada no Brasil, em 2014. A [&hellip;]<\/p>\n","protected":false},"author":125,"featured_media":10802,"comment_status":"open","ping_status":"open","sticky":false,"template":"","format":"standard","meta":{"footnotes":""},"categories":[6],"tags":[669,276,454,10],"class_list":["post-10796","post","type-post","status-publish","format-standard","has-post-thumbnail","hentry","category-coluna-capital-s-a","tag-copadomundo2022","tag-economia","tag-servicos","tag-comercio"],"_links":{"self":[{"href":"https:\/\/blogs.correiobraziliense.com.br\/capital-sa\/wp-json\/wp\/v2\/posts\/10796","targetHints":{"allow":["GET"]}}],"collection":[{"href":"https:\/\/blogs.correiobraziliense.com.br\/capital-sa\/wp-json\/wp\/v2\/posts"}],"about":[{"href":"https:\/\/blogs.correiobraziliense.com.br\/capital-sa\/wp-json\/wp\/v2\/types\/post"}],"author":[{"embeddable":true,"href":"https:\/\/blogs.correiobraziliense.com.br\/capital-sa\/wp-json\/wp\/v2\/users\/125"}],"replies":[{"embeddable":true,"href":"https:\/\/blogs.correiobraziliense.com.br\/capital-sa\/wp-json\/wp\/v2\/comments?post=10796"}],"version-history":[{"count":6,"href":"https:\/\/blogs.correiobraziliense.com.br\/capital-sa\/wp-json\/wp\/v2\/posts\/10796\/revisions"}],"predecessor-version":[{"id":10848,"href":"https:\/\/blogs.correiobraziliense.com.br\/capital-sa\/wp-json\/wp\/v2\/posts\/10796\/revisions\/10848"}],"wp:featuredmedia":[{"embeddable":true,"href":"https:\/\/blogs.correiobraziliense.com.br\/capital-sa\/wp-json\/wp\/v2\/media\/10802"}],"wp:attachment":[{"href":"https:\/\/blogs.correiobraziliense.com.br\/capital-sa\/wp-json\/wp\/v2\/media?parent=10796"}],"wp:term":[{"taxonomy":"category","embeddable":true,"href":"https:\/\/blogs.correiobraziliense.com.br\/capital-sa\/wp-json\/wp\/v2\/categories?post=10796"},{"taxonomy":"post_tag","embeddable":true,"href":"https:\/\/blogs.correiobraziliense.com.br\/capital-sa\/wp-json\/wp\/v2\/tags?post=10796"}],"curies":[{"name":"wp","href":"https:\/\/api.w.org\/{rel}","templated":true}]}}