{"id":10779,"date":"2022-11-14T09:30:48","date_gmt":"2022-11-14T12:30:48","guid":{"rendered":"https:\/\/blogs.correiobraziliense.com.br\/capital-sa\/?p=10779"},"modified":"2022-11-14T16:10:57","modified_gmt":"2022-11-14T19:10:57","slug":"vitoria-das-empresas-de-informatica-do-df-em-acao-tributaria","status":"publish","type":"post","link":"https:\/\/blogs.correiobraziliense.com.br\/capital-sa\/2022\/11\/14\/vitoria-das-empresas-de-informatica-do-df-em-acao-tributaria\/","title":{"rendered":"Vit\u00f3ria das empresas de inform\u00e1tica do DF em a\u00e7\u00e3o tribut\u00e1ria"},"content":{"rendered":"<p><b>Por Samanta Sallum\u00a0<\/b><\/p>\n<p class=\"p1\">Mandado de seguran\u00e7a impetrado pelo Sindicato das Empresas de Servi\u00e7o de Inform\u00e1tica do Distrito Federal (Sindesei\/DF) conseguiu excluir o ICMS da base de c\u00e1lculo das contribui\u00e7\u00f5es para o PIS e a Cofins, das empresas filiadas.<\/p>\n<p class=\"p1\">A senten\u00e7a reconheceu o direito dos sindicalizados de excluir a parcela do ICMS. A Fazenda Nacional apresentou recurso, mas a 7\u00aa Turma do Tribunal Regional Federal da 1\u00aa Regi\u00e3o \u2013 TRF1 manteve a decis\u00e3o.<\/p>\n<p class=\"p1\"><span class=\"s1\"><b>Compensa\u00e7\u00e3o dos valores recolhidos indevidamente <\/b><\/span><\/p>\n<p class=\"p1\"><span class=\"s1\">Foi argumentado que o ICMS n\u00e3o faz parte do conceito de receita\/faturamento, pois se trata de repasse de tributo, cujo destino pertence aos cofres de outra Unidade da Federa\u00e7\u00e3o. Assim, os sindicalizados que estavam sofrendo a incid\u00eancia do PIS poder\u00e3o excluir e compensar os valores recolhidos a partir de 15\/3\/2017.<\/span><\/p>\n<p class=\"p1\"><span class=\"s1\">Cerca de 13 mil empresas s\u00e3o filiadas ao Sindesei no DF.<\/span><\/p>\n","protected":false},"excerpt":{"rendered":"<p>Por Samanta Sallum\u00a0 Mandado de seguran\u00e7a impetrado pelo Sindicato das Empresas de Servi\u00e7o de Inform\u00e1tica do Distrito Federal (Sindesei\/DF) conseguiu excluir o ICMS da base de c\u00e1lculo das contribui\u00e7\u00f5es para o PIS e a Cofins, das empresas filiadas. A senten\u00e7a reconheceu o direito dos sindicalizados de excluir a parcela do ICMS. A Fazenda Nacional apresentou recurso, mas a 7\u00aa Turma [&hellip;]<\/p>\n","protected":false},"author":125,"featured_media":0,"comment_status":"open","ping_status":"open","sticky":false,"template":"","format":"standard","meta":{"footnotes":""},"categories":[1],"tags":[1659,332,365,378,1656,1658,1657],"class_list":["post-10779","post","type-post","status-publish","format-standard","hentry","category-sem-categoria","tag-cofins","tag-df","tag-empresas","tag-icms","tag-mandadodeseguranca","tag-pis","tag-sindeseidf"],"_links":{"self":[{"href":"https:\/\/blogs.correiobraziliense.com.br\/capital-sa\/wp-json\/wp\/v2\/posts\/10779","targetHints":{"allow":["GET"]}}],"collection":[{"href":"https:\/\/blogs.correiobraziliense.com.br\/capital-sa\/wp-json\/wp\/v2\/posts"}],"about":[{"href":"https:\/\/blogs.correiobraziliense.com.br\/capital-sa\/wp-json\/wp\/v2\/types\/post"}],"author":[{"embeddable":true,"href":"https:\/\/blogs.correiobraziliense.com.br\/capital-sa\/wp-json\/wp\/v2\/users\/125"}],"replies":[{"embeddable":true,"href":"https:\/\/blogs.correiobraziliense.com.br\/capital-sa\/wp-json\/wp\/v2\/comments?post=10779"}],"version-history":[{"count":4,"href":"https:\/\/blogs.correiobraziliense.com.br\/capital-sa\/wp-json\/wp\/v2\/posts\/10779\/revisions"}],"predecessor-version":[{"id":10793,"href":"https:\/\/blogs.correiobraziliense.com.br\/capital-sa\/wp-json\/wp\/v2\/posts\/10779\/revisions\/10793"}],"wp:attachment":[{"href":"https:\/\/blogs.correiobraziliense.com.br\/capital-sa\/wp-json\/wp\/v2\/media?parent=10779"}],"wp:term":[{"taxonomy":"category","embeddable":true,"href":"https:\/\/blogs.correiobraziliense.com.br\/capital-sa\/wp-json\/wp\/v2\/categories?post=10779"},{"taxonomy":"post_tag","embeddable":true,"href":"https:\/\/blogs.correiobraziliense.com.br\/capital-sa\/wp-json\/wp\/v2\/tags?post=10779"}],"curies":[{"name":"wp","href":"https:\/\/api.w.org\/{rel}","templated":true}]}}