{"id":10775,"date":"2022-11-14T07:59:40","date_gmt":"2022-11-14T10:59:40","guid":{"rendered":"https:\/\/blogs.correiobraziliense.com.br\/capital-sa\/?p=10775"},"modified":"2022-11-14T16:08:58","modified_gmt":"2022-11-14T19:08:58","slug":"conexao-mercosul-uniao-europeia","status":"publish","type":"post","link":"https:\/\/blogs.correiobraziliense.com.br\/capital-sa\/2022\/11\/14\/conexao-mercosul-uniao-europeia\/","title":{"rendered":"Conex\u00e3o Mercosul &#8211; Uni\u00e3o Europeia"},"content":{"rendered":"<p class=\"p1\"><b>Por Samanta Sallum\u00a0<\/b><\/p>\n<p class=\"p1\">O acordo do Mercosul com a Uni\u00e3o Europeia deve representar um incremento do PIB brasileiro de US$ 87,5 bi em 15 anos. A informa\u00e7\u00e3o \u00e9 do ministro das Rela\u00e7\u00f5es Exteriores, Carlos Fran\u00e7a, que prev\u00ea investimentos no Brasil no per\u00edodo em torno de US$ 113 bi.<\/p>\n<p class=\"p1\"><span class=\"s2\"><b>Desenvolvimento sustent\u00e1vel <\/b><\/span><\/p>\n<p class=\"p1\"><span class=\"s2\">&#8220;Os esfor\u00e7os de abertura da economia brasileira devem ser realizados de forma simult\u00e2nea \u00e0 promo\u00e7\u00e3o do desenvolvimento sustent\u00e1vel e do aproveitamento equilibrado do potencial ambiental do Brasil, s\u00f3 assim geraremos prosperidade para milh\u00f5es de brasileiros&#8221;, afirma. \u00a0<\/span><\/p>\n<p class=\"p1\"><span class=\"s2\"><b>Lista de empresas <\/b><\/span><\/p>\n<p class=\"p1\"><span class=\"s2\">Os dois blocos econ\u00f4micos ainda n\u00e3o conclu\u00edram as tratativas do acordo. Segundo o chanceler, o ponto pendente mais importante \u00e9 a finaliza\u00e7\u00e3o de uma lista de empresas de pa\u00edses do Mercosul que poder\u00e3o continuar a usar termos associados a \u00e1reas geogr\u00e1ficas da Europa.<\/span><\/p>\n<p class=\"p1\"><span class=\"s2\"><b>Encontro Nacional de Com\u00e9rcio Exterior <\/b><\/span><\/p>\n<p class=\"p1\"><span class=\"s2\">O tema ser\u00e1 tratado pelo ministro no <\/span><span class=\"s1\">41\u00ba Encontro Nacional de Com\u00e9rcio Exterior (Enaex)<\/span><span class=\"s2\">, a ser realizado nos pr\u00f3ximos dias 17 e 18, pela <\/span><span class=\"s1\">Associa\u00e7\u00e3o de Com\u00e9rcio Exterior do Brasil (AEB)<\/span><span class=\"s2\">. O evento \u00e9 em formato on-line e gratuito, mediante inscri\u00e7\u00f5es pelo site https:\/\/www.enaex.com.br\/.<\/span><\/p>\n","protected":false},"excerpt":{"rendered":"<p>Por Samanta Sallum\u00a0 O acordo do Mercosul com a Uni\u00e3o Europeia deve representar um incremento do PIB brasileiro de US$ 87,5 bi em 15 anos. A informa\u00e7\u00e3o \u00e9 do ministro das Rela\u00e7\u00f5es Exteriores, Carlos Fran\u00e7a, que prev\u00ea investimentos no Brasil no per\u00edodo em torno de US$ 113 bi. Desenvolvimento sustent\u00e1vel &#8220;Os esfor\u00e7os de abertura da economia brasileira devem ser realizados [&hellip;]<\/p>\n","protected":false},"author":125,"featured_media":10778,"comment_status":"open","ping_status":"open","sticky":false,"template":"","format":"standard","meta":{"footnotes":""},"categories":[6],"tags":[1216,1655,1654,1652,1653],"class_list":["post-10775","post","type-post","status-publish","format-standard","has-post-thumbnail","hentry","category-coluna-capital-s-a","tag-aeb","tag-desenvolvimentosustentavel","tag-enaex","tag-mercosul","tag-uniaoeuropeia"],"_links":{"self":[{"href":"https:\/\/blogs.correiobraziliense.com.br\/capital-sa\/wp-json\/wp\/v2\/posts\/10775","targetHints":{"allow":["GET"]}}],"collection":[{"href":"https:\/\/blogs.correiobraziliense.com.br\/capital-sa\/wp-json\/wp\/v2\/posts"}],"about":[{"href":"https:\/\/blogs.correiobraziliense.com.br\/capital-sa\/wp-json\/wp\/v2\/types\/post"}],"author":[{"embeddable":true,"href":"https:\/\/blogs.correiobraziliense.com.br\/capital-sa\/wp-json\/wp\/v2\/users\/125"}],"replies":[{"embeddable":true,"href":"https:\/\/blogs.correiobraziliense.com.br\/capital-sa\/wp-json\/wp\/v2\/comments?post=10775"}],"version-history":[{"count":4,"href":"https:\/\/blogs.correiobraziliense.com.br\/capital-sa\/wp-json\/wp\/v2\/posts\/10775\/revisions"}],"predecessor-version":[{"id":10791,"href":"https:\/\/blogs.correiobraziliense.com.br\/capital-sa\/wp-json\/wp\/v2\/posts\/10775\/revisions\/10791"}],"wp:featuredmedia":[{"embeddable":true,"href":"https:\/\/blogs.correiobraziliense.com.br\/capital-sa\/wp-json\/wp\/v2\/media\/10778"}],"wp:attachment":[{"href":"https:\/\/blogs.correiobraziliense.com.br\/capital-sa\/wp-json\/wp\/v2\/media?parent=10775"}],"wp:term":[{"taxonomy":"category","embeddable":true,"href":"https:\/\/blogs.correiobraziliense.com.br\/capital-sa\/wp-json\/wp\/v2\/categories?post=10775"},{"taxonomy":"post_tag","embeddable":true,"href":"https:\/\/blogs.correiobraziliense.com.br\/capital-sa\/wp-json\/wp\/v2\/tags?post=10775"}],"curies":[{"name":"wp","href":"https:\/\/api.w.org\/{rel}","templated":true}]}}