{"id":10761,"date":"2022-11-11T15:18:41","date_gmt":"2022-11-11T18:18:41","guid":{"rendered":"https:\/\/blogs.correiobraziliense.com.br\/capital-sa\/?p=10761"},"modified":"2022-11-11T18:54:53","modified_gmt":"2022-11-11T21:54:53","slug":"linkmed-lanca-linha-propria-de-produtos-dermatologicos","status":"publish","type":"post","link":"https:\/\/blogs.correiobraziliense.com.br\/capital-sa\/2022\/11\/11\/linkmed-lanca-linha-propria-de-produtos-dermatologicos\/","title":{"rendered":"Linkmed lan\u00e7a linha pr\u00f3pria de produtos dermatol\u00f3gicos"},"content":{"rendered":"<p class=\"p1\"><b>Por Samanta Sallum\u00a0<\/b><\/p>\n<p class=\"p1\"><span class=\"s1\">A atacadista do setor farmac\u00eautico, que tem como s\u00f3cio o empres\u00e1rio brasiliense \u00c1lvaro Silveira, conta agora com uma linha pr\u00f3pria de produtos de cuidado e beleza para pele. O lan\u00e7amento da Silver Care foi em Bras\u00edlia, em evento na Drogaria Brasil do Noroeste. A rede tamb\u00e9m \u00e9 do grupo.<span class=\"Apple-converted-space\">\u00a0<\/span>Participaram os s\u00f3cios e irm\u00e3os Rodrigo e \u00c1lvaro Silveira junto da tamb\u00e9m s\u00f3cia da drogaria, Pollyana Prudente.<\/span><\/p>\n<p class=\"p1\"><span class=\"s1\"><b>Fabrica\u00e7\u00e3o<span class=\"Apple-converted-space\">\u00a0<\/span>nacional <\/b><\/span><\/p>\n<p class=\"p1\"><span class=\"s1\">\u201cEssa linha foi criada para trazer inova\u00e7\u00e3o, tecnologia e ser mais acess\u00edvel em n\u00edvel\u00a0<\/span><span class=\"s1\">de pre\u00e7os aos clientes. S\u00e3o produtos fabricados por n\u00f3s,<span class=\"Apple-converted-space\">\u00a0<\/span>no Brasil, com a mesma qualidade dos marcas internacionais\u201d, explica \u00c1lvaro, que \u00e9 presidente do SindiAtacadista no Distrito Federal. A\u00a0Silver Care j\u00e1 est\u00e1 sendo distribu\u00edda e vendida em diversos estados.<\/span><\/p>\n<p><img loading=\"lazy\" decoding=\"async\" class=\"aligncenter size-medium wp-image-10768\" src=\"https:\/\/blogs.correiobraziliense.com.br\/capital-sa\/wp-content\/uploads\/sites\/59\/2022\/11\/90830A81-0C1E-4FB4-ABB8-69D2E4CB3BF6-250x300.jpeg\" alt=\"\" width=\"250\" height=\"300\" srcset=\"https:\/\/blogs.correiobraziliense.com.br\/capital-sa\/wp-content\/uploads\/sites\/59\/2022\/11\/90830A81-0C1E-4FB4-ABB8-69D2E4CB3BF6-250x300.jpeg 250w, https:\/\/blogs.correiobraziliense.com.br\/capital-sa\/wp-content\/uploads\/sites\/59\/2022\/11\/90830A81-0C1E-4FB4-ABB8-69D2E4CB3BF6-768x923.jpeg 768w, https:\/\/blogs.correiobraziliense.com.br\/capital-sa\/wp-content\/uploads\/sites\/59\/2022\/11\/90830A81-0C1E-4FB4-ABB8-69D2E4CB3BF6-852x1024.jpeg 852w, https:\/\/blogs.correiobraziliense.com.br\/capital-sa\/wp-content\/uploads\/sites\/59\/2022\/11\/90830A81-0C1E-4FB4-ABB8-69D2E4CB3BF6-1440x1731.jpeg 1440w, https:\/\/blogs.correiobraziliense.com.br\/capital-sa\/wp-content\/uploads\/sites\/59\/2022\/11\/90830A81-0C1E-4FB4-ABB8-69D2E4CB3BF6-800x962.jpeg 800w, https:\/\/blogs.correiobraziliense.com.br\/capital-sa\/wp-content\/uploads\/sites\/59\/2022\/11\/90830A81-0C1E-4FB4-ABB8-69D2E4CB3BF6-550x661.jpeg 550w, https:\/\/blogs.correiobraziliense.com.br\/capital-sa\/wp-content\/uploads\/sites\/59\/2022\/11\/90830A81-0C1E-4FB4-ABB8-69D2E4CB3BF6-230x276.jpeg 230w, https:\/\/blogs.correiobraziliense.com.br\/capital-sa\/wp-content\/uploads\/sites\/59\/2022\/11\/90830A81-0C1E-4FB4-ABB8-69D2E4CB3BF6.jpeg 1702w\" sizes=\"auto, (max-width: 250px) 100vw, 250px\" \/><\/p>\n<p class=\"p1\"><span class=\"s1\">O foco de mercado s\u00e3o os cuidados dermatol\u00f3gicos, especialmente para peles oleosas, acneicas e sens\u00edveis. A fabrica\u00e7\u00e3o est\u00e1 alinhada com pr\u00e1ticas voltadas \u00e0 \u00a0sustentabilidade e os produtos n\u00e3o s\u00e3o testados em animais.<\/span><\/p>\n","protected":false},"excerpt":{"rendered":"<p>Por Samanta Sallum\u00a0 A atacadista do setor farmac\u00eautico, que tem como s\u00f3cio o empres\u00e1rio brasiliense \u00c1lvaro Silveira, conta agora com uma linha pr\u00f3pria de produtos de cuidado e beleza para pele. O lan\u00e7amento da Silver Care foi em Bras\u00edlia, em evento na Drogaria Brasil do Noroeste. A rede tamb\u00e9m \u00e9 do grupo.\u00a0Participaram os s\u00f3cios e irm\u00e3os Rodrigo e \u00c1lvaro Silveira [&hellip;]<\/p>\n","protected":false},"author":125,"featured_media":10767,"comment_status":"open","ping_status":"open","sticky":false,"template":"","format":"standard","meta":{"footnotes":""},"categories":[6],"tags":[1234,1650,1647,1600,1648,1649,1651],"class_list":["post-10761","post","type-post","status-publish","format-standard","has-post-thumbnail","hentry","category-coluna-capital-s-a","tag-beleza","tag-fabricacaopropria","tag-linha","tag-linkmed","tag-produtos","tag-silvercare","tag-skincare"],"_links":{"self":[{"href":"https:\/\/blogs.correiobraziliense.com.br\/capital-sa\/wp-json\/wp\/v2\/posts\/10761","targetHints":{"allow":["GET"]}}],"collection":[{"href":"https:\/\/blogs.correiobraziliense.com.br\/capital-sa\/wp-json\/wp\/v2\/posts"}],"about":[{"href":"https:\/\/blogs.correiobraziliense.com.br\/capital-sa\/wp-json\/wp\/v2\/types\/post"}],"author":[{"embeddable":true,"href":"https:\/\/blogs.correiobraziliense.com.br\/capital-sa\/wp-json\/wp\/v2\/users\/125"}],"replies":[{"embeddable":true,"href":"https:\/\/blogs.correiobraziliense.com.br\/capital-sa\/wp-json\/wp\/v2\/comments?post=10761"}],"version-history":[{"count":7,"href":"https:\/\/blogs.correiobraziliense.com.br\/capital-sa\/wp-json\/wp\/v2\/posts\/10761\/revisions"}],"predecessor-version":[{"id":10774,"href":"https:\/\/blogs.correiobraziliense.com.br\/capital-sa\/wp-json\/wp\/v2\/posts\/10761\/revisions\/10774"}],"wp:featuredmedia":[{"embeddable":true,"href":"https:\/\/blogs.correiobraziliense.com.br\/capital-sa\/wp-json\/wp\/v2\/media\/10767"}],"wp:attachment":[{"href":"https:\/\/blogs.correiobraziliense.com.br\/capital-sa\/wp-json\/wp\/v2\/media?parent=10761"}],"wp:term":[{"taxonomy":"category","embeddable":true,"href":"https:\/\/blogs.correiobraziliense.com.br\/capital-sa\/wp-json\/wp\/v2\/categories?post=10761"},{"taxonomy":"post_tag","embeddable":true,"href":"https:\/\/blogs.correiobraziliense.com.br\/capital-sa\/wp-json\/wp\/v2\/tags?post=10761"}],"curies":[{"name":"wp","href":"https:\/\/api.w.org\/{rel}","templated":true}]}}