{"id":10734,"date":"2022-11-08T16:07:17","date_gmt":"2022-11-08T19:07:17","guid":{"rendered":"https:\/\/blogs.correiobraziliense.com.br\/capital-sa\/?p=10734"},"modified":"2022-11-11T18:48:17","modified_gmt":"2022-11-11T21:48:17","slug":"ibaneis-pagara-aluguel-para-cicb-ser-sede-do-governo-de-transicao-no-d","status":"publish","type":"post","link":"https:\/\/blogs.correiobraziliense.com.br\/capital-sa\/2022\/11\/08\/ibaneis-pagara-aluguel-para-cicb-ser-sede-do-governo-de-transicao-no-d\/","title":{"rendered":"Ibaneis vai pagar do pr\u00f3prio bolso aluguel para CICB ser sede do governo de transi\u00e7\u00e3o no DF"},"content":{"rendered":"<p class=\"p1\"><i>Depois de ser confirmado pelo Codese-DF que a entidade pagaria o aluguel por um m\u00eas, o governador Ibaneis Rocha decidiu que ele mesmo arcar\u00e1 com o custo.<\/i><\/p>\n<p><b>Por Samanta Sallum<\/b><\/p>\n<p class=\"p1\"><span class=\"s1\">O Conselho de Desenvolvimento Econ\u00f4mico e Sustent\u00e1vel do DF (Codese) ser\u00e1 a entidade civil com maior representatividade no governo de transi\u00e7\u00e3o do Distrito Federal. Ter\u00e1 24 membros. E, em raz\u00e3o disso, tinha informado que custearia a loca\u00e7\u00e3o de um espa\u00e7o no Centro Internacional de Conven\u00e7\u00f5es de Bras\u00edlia &#8211; CICB, para a realiza\u00e7\u00e3o dos trabalhos da equipe de transi\u00e7\u00e3o do pr\u00f3ximo governo do DF. No entanto, Ibaneis decidiu n\u00e3o aceitar a parceria. Informou que vai ele, como pessoa f\u00edsica, arcar com o custo de R$ 49 mil.\u00a0<\/span>Em 2018, ocorreu o mesmo.<\/p>\n<p class=\"p1\"><span class=\"s1\">Ao blog, o presidente do Codese, Leonardo \u00c1vila, explicou que\u00a0o dinheiro que a entidade usaria para para o aluguel \u00e9 do caixa pr\u00f3prio Conselho. O contrato de aluguel j\u00e1 tinha sido assinado, com vencimento do pagamento previsto para 29 de novembro.<\/span><\/p>\n<p class=\"p1\"><span class=\"s1\">\u201cJ\u00e1 est\u00e1vamos preparados para essa parceria j\u00e1 no per\u00edodo de campanha eleitoral, quando realizamos sabatinas com todos os candidatos. E eles assinaram uma carta-compromisso com as nossas sugest\u00f5es, que s\u00e3o da sociedade civil. N\u00e3o representamos apenas empres\u00e1rios. Temos no Conselho a participa\u00e7\u00e3o dos mais diversos setores. E acima de tudo somos apartid\u00e1rios. Qualquer que fosse o governador eleito far\u00edamos isso para garantir um espa\u00e7o neutro de trabalho\u201d, esclareceu.<\/span><\/p>\n<p class=\"p1\"><span class=\"s1\">A iniciativa na escolha do CICB, segundo o governador Ibaneis Rocha, \u00e9 oportuna por ser um espa\u00e7o neutro para atua\u00e7\u00e3o de todos os participantes. Ibaneis decidiu arcar com os custos para n\u00e3o alimentar pol\u00eamicas sobre a parceria com o setor privado.<\/span><\/p>\n<p class=\"p1\"><span class=\"s1\">O presidente do Codese\/DF, Leonardo \u00c1vila, destacou que o Conselho \u201cn\u00e3o esperava nenhuma contrapartida por parte do governo, exceto a implementa\u00e7\u00e3o das pol\u00edticas p\u00fablicas que constam do documento O DF QUE A GENTE QUER, VIS\u00c3O 2040, que foi um compromisso assumido durante as sabatinas com todos os candidatos ao GDF\u201d.<\/span><\/p>\n<p class=\"p1\"><span class=\"s1\">O documento est\u00e1 dispon\u00edvel no site: codesedf.org.br, e pode ser baixado gratuitamente. Contou com participa\u00e7\u00e3o de cerca de 200 volunt\u00e1rios na elabora\u00e7\u00e3o.<\/span><\/p>\n<p class=\"p1\"><span class=\"s1\">Institu\u00edda para trabalhar a\u00e7\u00f5es de governo para o mandato de 2023-2026 de Ibaneis Rocha, a Comiss\u00e3o de Transi\u00e7\u00e3o teve in\u00edcio nesta segunda-feira, 7 de novembro, com previs\u00e3o de t\u00e9rmino em 7 de dezembro, conforme Decreto 43.898, de 31 de outubro de 2022.<\/span><\/p>\n","protected":false},"excerpt":{"rendered":"<p>Depois de ser confirmado pelo Codese-DF que a entidade pagaria o aluguel por um m\u00eas, o governador Ibaneis Rocha decidiu que ele mesmo arcar\u00e1 com o custo. Por Samanta Sallum O Conselho de Desenvolvimento Econ\u00f4mico e Sustent\u00e1vel do DF (Codese) ser\u00e1 a entidade civil com maior representatividade no governo de transi\u00e7\u00e3o do Distrito Federal. Ter\u00e1 24 membros. E, em raz\u00e3o [&hellip;]<\/p>\n","protected":false},"author":125,"featured_media":10737,"comment_status":"open","ping_status":"open","sticky":false,"template":"","format":"standard","meta":{"footnotes":""},"categories":[6],"tags":[1174,1409,613,1132,756,70],"class_list":["post-10734","post","type-post","status-publish","format-standard","has-post-thumbnail","hentry","category-coluna-capital-s-a","tag-aluguel","tag-cicb","tag-codese","tag-custo","tag-parceria","tag-ibaneis"],"_links":{"self":[{"href":"https:\/\/blogs.correiobraziliense.com.br\/capital-sa\/wp-json\/wp\/v2\/posts\/10734","targetHints":{"allow":["GET"]}}],"collection":[{"href":"https:\/\/blogs.correiobraziliense.com.br\/capital-sa\/wp-json\/wp\/v2\/posts"}],"about":[{"href":"https:\/\/blogs.correiobraziliense.com.br\/capital-sa\/wp-json\/wp\/v2\/types\/post"}],"author":[{"embeddable":true,"href":"https:\/\/blogs.correiobraziliense.com.br\/capital-sa\/wp-json\/wp\/v2\/users\/125"}],"replies":[{"embeddable":true,"href":"https:\/\/blogs.correiobraziliense.com.br\/capital-sa\/wp-json\/wp\/v2\/comments?post=10734"}],"version-history":[{"count":14,"href":"https:\/\/blogs.correiobraziliense.com.br\/capital-sa\/wp-json\/wp\/v2\/posts\/10734\/revisions"}],"predecessor-version":[{"id":10770,"href":"https:\/\/blogs.correiobraziliense.com.br\/capital-sa\/wp-json\/wp\/v2\/posts\/10734\/revisions\/10770"}],"wp:featuredmedia":[{"embeddable":true,"href":"https:\/\/blogs.correiobraziliense.com.br\/capital-sa\/wp-json\/wp\/v2\/media\/10737"}],"wp:attachment":[{"href":"https:\/\/blogs.correiobraziliense.com.br\/capital-sa\/wp-json\/wp\/v2\/media?parent=10734"}],"wp:term":[{"taxonomy":"category","embeddable":true,"href":"https:\/\/blogs.correiobraziliense.com.br\/capital-sa\/wp-json\/wp\/v2\/categories?post=10734"},{"taxonomy":"post_tag","embeddable":true,"href":"https:\/\/blogs.correiobraziliense.com.br\/capital-sa\/wp-json\/wp\/v2\/tags?post=10734"}],"curies":[{"name":"wp","href":"https:\/\/api.w.org\/{rel}","templated":true}]}}