{"id":1071,"date":"2020-12-18T08:46:04","date_gmt":"2020-12-18T11:46:04","guid":{"rendered":"https:\/\/blogs.correiobraziliense.com.br\/capital-sa\/?p=1071"},"modified":"2020-12-18T08:46:40","modified_gmt":"2020-12-18T11:46:40","slug":"cni-cobrou-recursos-para-ciencia-e-tecnologia","status":"publish","type":"post","link":"https:\/\/blogs.correiobraziliense.com.br\/capital-sa\/2020\/12\/18\/cni-cobrou-recursos-para-ciencia-e-tecnologia\/","title":{"rendered":"CNI cobrou recursos para ci\u00eancia e tecnologia"},"content":{"rendered":"<p>Apenas cerca de 13% dos R$ 6,8 bilh\u00f5es arrecadados pelo fundo do Setor, em 2020, est\u00e3o dispon\u00edveis para investimentos em atividades de pesquisa, desenvolvimento e inova\u00e7\u00e3o (PD&amp;I) realizadas por universidades, institutos de pesquisa e empresas.<\/p>\n<p>&nbsp;<\/p>\n<h3>Pedido de urg\u00eancia<\/h3>\n<p>A C\u00e2mara dos Deputados aprovou ontem, em regime de urg\u00eancia, o PLP 135\/2020, que estabelece o fim do contingenciamento dos recursos do Fundo Nacional de Desenvolvimento da Ci\u00eancia e Tecnologia (FNDCT) e garante, assim, o uso ainda este ano.<\/p>\n<p>&nbsp;<\/p>\n<h3>Acordo de l\u00edderes<\/h3>\n<p>Um acordo de l\u00edderes fez o projeto ser votado em tempo. O texto j\u00e1 tinha sido aprovado em agosto no Senado Federal por 71 votos a 1.<\/p>\n<p>&nbsp;<\/p>\n<h3>Prioridades na pandemia<\/h3>\n<blockquote><p>\u201c\u00c9 fato, vivemos uma crise sanit\u00e1ria e uma crise fiscal. Mas, se n\u00e3o investirmos em ci\u00eancia, tecnologia e inova\u00e7\u00e3o n\u00e3o conseguiremos sair de nenhuma das duas. E isso est\u00e1 atrelado \u00e0s prioridades estabelecidas pelo pa\u00eds\u201d, afirma a diretora de Inova\u00e7\u00e3o da Confedera\u00e7\u00e3o Nacional da Ind\u00fastria (CNI), <strong>Gianna Sagazio<\/strong>.<\/p><\/blockquote>\n","protected":false},"excerpt":{"rendered":"<p>Apenas cerca de 13% dos R$ 6,8 bilh\u00f5es arrecadados pelo fundo do Setor, em 2020, est\u00e3o dispon\u00edveis para investimentos em atividades de pesquisa, desenvolvimento e inova\u00e7\u00e3o (PD&amp;I) realizadas por universidades, institutos de pesquisa e empresas. &nbsp; Pedido de urg\u00eancia A C\u00e2mara dos Deputados aprovou ontem, em regime de urg\u00eancia, o PLP 135\/2020, que estabelece o fim do contingenciamento dos recursos [&hellip;]<\/p>\n","protected":false},"author":125,"featured_media":1072,"comment_status":"open","ping_status":"open","sticky":false,"template":"","format":"standard","meta":{"footnotes":""},"categories":[6],"tags":[241,334,64,5],"class_list":["post-1071","post","type-post","status-publish","format-standard","has-post-thumbnail","hentry","category-coluna-capital-s-a","tag-cienciaetecnologia","tag-urgencia","tag-cni","tag-pandemia"],"_links":{"self":[{"href":"https:\/\/blogs.correiobraziliense.com.br\/capital-sa\/wp-json\/wp\/v2\/posts\/1071","targetHints":{"allow":["GET"]}}],"collection":[{"href":"https:\/\/blogs.correiobraziliense.com.br\/capital-sa\/wp-json\/wp\/v2\/posts"}],"about":[{"href":"https:\/\/blogs.correiobraziliense.com.br\/capital-sa\/wp-json\/wp\/v2\/types\/post"}],"author":[{"embeddable":true,"href":"https:\/\/blogs.correiobraziliense.com.br\/capital-sa\/wp-json\/wp\/v2\/users\/125"}],"replies":[{"embeddable":true,"href":"https:\/\/blogs.correiobraziliense.com.br\/capital-sa\/wp-json\/wp\/v2\/comments?post=1071"}],"version-history":[{"count":2,"href":"https:\/\/blogs.correiobraziliense.com.br\/capital-sa\/wp-json\/wp\/v2\/posts\/1071\/revisions"}],"predecessor-version":[{"id":1074,"href":"https:\/\/blogs.correiobraziliense.com.br\/capital-sa\/wp-json\/wp\/v2\/posts\/1071\/revisions\/1074"}],"wp:featuredmedia":[{"embeddable":true,"href":"https:\/\/blogs.correiobraziliense.com.br\/capital-sa\/wp-json\/wp\/v2\/media\/1072"}],"wp:attachment":[{"href":"https:\/\/blogs.correiobraziliense.com.br\/capital-sa\/wp-json\/wp\/v2\/media?parent=1071"}],"wp:term":[{"taxonomy":"category","embeddable":true,"href":"https:\/\/blogs.correiobraziliense.com.br\/capital-sa\/wp-json\/wp\/v2\/categories?post=1071"},{"taxonomy":"post_tag","embeddable":true,"href":"https:\/\/blogs.correiobraziliense.com.br\/capital-sa\/wp-json\/wp\/v2\/tags?post=1071"}],"curies":[{"name":"wp","href":"https:\/\/api.w.org\/{rel}","templated":true}]}}