{"id":10695,"date":"2022-11-07T09:29:50","date_gmt":"2022-11-07T12:29:50","guid":{"rendered":"https:\/\/blogs.correiobraziliense.com.br\/capital-sa\/?p=10695"},"modified":"2022-11-06T23:36:26","modified_gmt":"2022-11-07T02:36:26","slug":"manhattan-plaza-hotel-inaugura-cafe-com-inspiracao-novaiorquina","status":"publish","type":"post","link":"https:\/\/blogs.correiobraziliense.com.br\/capital-sa\/2022\/11\/07\/manhattan-plaza-hotel-inaugura-cafe-com-inspiracao-novaiorquina\/","title":{"rendered":"Manhattan Plaza Hotel inaugura caf\u00e9 com inspira\u00e7\u00e3o nova-iorquina"},"content":{"rendered":"<p class=\"p1\"><b>Por Samanta Sallum\u00a0<\/b><\/p>\n<p class=\"p1\"><span class=\"s1\">Localizada no lobby, a cafeteria fica aberta 24 horas e atende a demanda dos h\u00f3spedes e visitantes. &#8220;Tudo que fa\u00e7o nos hot\u00e9is \u00e9 visando atrair e fidelizar nossos clientes&#8221;, conta o diretor da Rede Plaza, Andr\u00e9 Kubitschek.<\/span><\/p>\n<p class=\"p1\"><span class=\"s1\"> O charmoso espa\u00e7o foi aberto no final de outubro, i<\/span>nspirado nos caf\u00e9s de Nova York. O projeto \u00e9 do arquiteto S\u00e9rgio Borges e conta com layout espa\u00e7oso e cosmopolita, com lugares para um r\u00e1pido caf\u00e9 ou ilhas para encontros de neg\u00f3cios e lazer.<\/p>\n<p><img loading=\"lazy\" decoding=\"async\" class=\"aligncenter size-medium wp-image-10699\" src=\"https:\/\/blogs.correiobraziliense.com.br\/capital-sa\/wp-content\/uploads\/sites\/59\/2022\/11\/B0555AD7-31DD-48CD-94D5-0C075BA4E70D-300x200.jpeg\" alt=\"\" width=\"300\" height=\"200\" srcset=\"https:\/\/blogs.correiobraziliense.com.br\/capital-sa\/wp-content\/uploads\/sites\/59\/2022\/11\/B0555AD7-31DD-48CD-94D5-0C075BA4E70D-300x200.jpeg 300w, https:\/\/blogs.correiobraziliense.com.br\/capital-sa\/wp-content\/uploads\/sites\/59\/2022\/11\/B0555AD7-31DD-48CD-94D5-0C075BA4E70D-768x512.jpeg 768w, https:\/\/blogs.correiobraziliense.com.br\/capital-sa\/wp-content\/uploads\/sites\/59\/2022\/11\/B0555AD7-31DD-48CD-94D5-0C075BA4E70D-1024x682.jpeg 1024w, https:\/\/blogs.correiobraziliense.com.br\/capital-sa\/wp-content\/uploads\/sites\/59\/2022\/11\/B0555AD7-31DD-48CD-94D5-0C075BA4E70D-800x533.jpeg 800w, https:\/\/blogs.correiobraziliense.com.br\/capital-sa\/wp-content\/uploads\/sites\/59\/2022\/11\/B0555AD7-31DD-48CD-94D5-0C075BA4E70D-550x367.jpeg 550w, https:\/\/blogs.correiobraziliense.com.br\/capital-sa\/wp-content\/uploads\/sites\/59\/2022\/11\/B0555AD7-31DD-48CD-94D5-0C075BA4E70D-230x153.jpeg 230w, https:\/\/blogs.correiobraziliense.com.br\/capital-sa\/wp-content\/uploads\/sites\/59\/2022\/11\/B0555AD7-31DD-48CD-94D5-0C075BA4E70D.jpeg 1280w\" sizes=\"auto, (max-width: 300px) 100vw, 300px\" \/><\/p>\n<p class=\"p1\"><span class=\"s1\"><b>Pudim JK<\/b><\/span><\/p>\n<p class=\"p1\"><span class=\"s1\">Entre as estrelas do card\u00e1pio, o tradicional caf\u00e9 espresso, p\u00e3o de queijo mineiro, croissants importados da Fran\u00e7a e o minipudim JK, sobremesa ic\u00f4nica da rede hoteleira. Paulo Oct\u00e1vio, CEO do grupo; a m\u00e3e, Wilma Pereira; e a esposa, Anna Christina Kubitschek, participaram da inaugura\u00e7\u00e3o.<\/span><\/p>\n<p><img loading=\"lazy\" decoding=\"async\" class=\"aligncenter size-medium wp-image-10700\" src=\"https:\/\/blogs.correiobraziliense.com.br\/capital-sa\/wp-content\/uploads\/sites\/59\/2022\/11\/E4C1C368-9A61-4D7D-925A-30D6FD0A0470-300x200.jpeg\" alt=\"\" width=\"300\" height=\"200\" srcset=\"https:\/\/blogs.correiobraziliense.com.br\/capital-sa\/wp-content\/uploads\/sites\/59\/2022\/11\/E4C1C368-9A61-4D7D-925A-30D6FD0A0470-300x200.jpeg 300w, https:\/\/blogs.correiobraziliense.com.br\/capital-sa\/wp-content\/uploads\/sites\/59\/2022\/11\/E4C1C368-9A61-4D7D-925A-30D6FD0A0470-768x512.jpeg 768w, https:\/\/blogs.correiobraziliense.com.br\/capital-sa\/wp-content\/uploads\/sites\/59\/2022\/11\/E4C1C368-9A61-4D7D-925A-30D6FD0A0470-1024x682.jpeg 1024w, https:\/\/blogs.correiobraziliense.com.br\/capital-sa\/wp-content\/uploads\/sites\/59\/2022\/11\/E4C1C368-9A61-4D7D-925A-30D6FD0A0470-1440x959.jpeg 1440w, https:\/\/blogs.correiobraziliense.com.br\/capital-sa\/wp-content\/uploads\/sites\/59\/2022\/11\/E4C1C368-9A61-4D7D-925A-30D6FD0A0470-800x533.jpeg 800w, https:\/\/blogs.correiobraziliense.com.br\/capital-sa\/wp-content\/uploads\/sites\/59\/2022\/11\/E4C1C368-9A61-4D7D-925A-30D6FD0A0470-550x366.jpeg 550w, https:\/\/blogs.correiobraziliense.com.br\/capital-sa\/wp-content\/uploads\/sites\/59\/2022\/11\/E4C1C368-9A61-4D7D-925A-30D6FD0A0470-230x153.jpeg 230w, https:\/\/blogs.correiobraziliense.com.br\/capital-sa\/wp-content\/uploads\/sites\/59\/2022\/11\/E4C1C368-9A61-4D7D-925A-30D6FD0A0470.jpeg 1600w\" sizes=\"auto, (max-width: 300px) 100vw, 300px\" \/><\/p>\n","protected":false},"excerpt":{"rendered":"<p>Por Samanta Sallum\u00a0 Localizada no lobby, a cafeteria fica aberta 24 horas e atende a demanda dos h\u00f3spedes e visitantes. &#8220;Tudo que fa\u00e7o nos hot\u00e9is \u00e9 visando atrair e fidelizar nossos clientes&#8221;, conta o diretor da Rede Plaza, Andr\u00e9 Kubitschek. O charmoso espa\u00e7o foi aberto no final de outubro, inspirado nos caf\u00e9s de Nova York. O projeto \u00e9 do arquiteto [&hellip;]<\/p>\n","protected":false},"author":125,"featured_media":10698,"comment_status":"open","ping_status":"open","sticky":false,"template":"","format":"standard","meta":{"footnotes":""},"categories":[6],"tags":[218,1642,1640,1641,112,1643],"class_list":["post-10695","post","type-post","status-publish","format-standard","has-post-thumbnail","hentry","category-coluna-capital-s-a","tag-cafeteria","tag-inspiracao","tag-manhattanplaza","tag-novayork","tag-paulooctavio","tag-pudimjk"],"_links":{"self":[{"href":"https:\/\/blogs.correiobraziliense.com.br\/capital-sa\/wp-json\/wp\/v2\/posts\/10695","targetHints":{"allow":["GET"]}}],"collection":[{"href":"https:\/\/blogs.correiobraziliense.com.br\/capital-sa\/wp-json\/wp\/v2\/posts"}],"about":[{"href":"https:\/\/blogs.correiobraziliense.com.br\/capital-sa\/wp-json\/wp\/v2\/types\/post"}],"author":[{"embeddable":true,"href":"https:\/\/blogs.correiobraziliense.com.br\/capital-sa\/wp-json\/wp\/v2\/users\/125"}],"replies":[{"embeddable":true,"href":"https:\/\/blogs.correiobraziliense.com.br\/capital-sa\/wp-json\/wp\/v2\/comments?post=10695"}],"version-history":[{"count":5,"href":"https:\/\/blogs.correiobraziliense.com.br\/capital-sa\/wp-json\/wp\/v2\/posts\/10695\/revisions"}],"predecessor-version":[{"id":10713,"href":"https:\/\/blogs.correiobraziliense.com.br\/capital-sa\/wp-json\/wp\/v2\/posts\/10695\/revisions\/10713"}],"wp:featuredmedia":[{"embeddable":true,"href":"https:\/\/blogs.correiobraziliense.com.br\/capital-sa\/wp-json\/wp\/v2\/media\/10698"}],"wp:attachment":[{"href":"https:\/\/blogs.correiobraziliense.com.br\/capital-sa\/wp-json\/wp\/v2\/media?parent=10695"}],"wp:term":[{"taxonomy":"category","embeddable":true,"href":"https:\/\/blogs.correiobraziliense.com.br\/capital-sa\/wp-json\/wp\/v2\/categories?post=10695"},{"taxonomy":"post_tag","embeddable":true,"href":"https:\/\/blogs.correiobraziliense.com.br\/capital-sa\/wp-json\/wp\/v2\/tags?post=10695"}],"curies":[{"name":"wp","href":"https:\/\/api.w.org\/{rel}","templated":true}]}}