{"id":10690,"date":"2022-11-07T14:04:02","date_gmt":"2022-11-07T17:04:02","guid":{"rendered":"https:\/\/blogs.correiobraziliense.com.br\/capital-sa\/?p=10690"},"modified":"2022-11-08T19:10:47","modified_gmt":"2022-11-08T22:10:47","slug":"empresas-poderao-se-instalar-as-margens-das-rodovias-no-df","status":"publish","type":"post","link":"https:\/\/blogs.correiobraziliense.com.br\/capital-sa\/2022\/11\/07\/empresas-poderao-se-instalar-as-margens-das-rodovias-no-df\/","title":{"rendered":"Empresas poder\u00e3o se instalar \u00e0s margens das rodovias no DF"},"content":{"rendered":"<p class=\"p1\"><b>Por Samanta Sallum\u00a0<\/b><\/p>\n<p class=\"p1\"><span class=\"s1\">Um decreto vai ser assinado pelo governador Ibaneis Rocha, at\u00e9 o final do ano, permitindo a instala\u00e7\u00e3o de empresas \u00e0s margens das rodovias. A medida \u00e9 uma iniciativa da Secretaria de Desenvolvimento Econ\u00f4mico (SDE) com o objetivo de atrair mais investimentos do setor produtivo para a capital federal.<\/span><\/p>\n<p class=\"p1\"><span class=\"s1\"><b><u>\u00c1reas preservadas <\/u><\/b><\/span><\/p>\n<p class=\"p1\"><span class=\"s1\">O decreto vem sendo elaborado h\u00e1 seis meses junto da Secretaria de Agricultura e da Secretaria de Desenvolvimento Urbano.<\/span><\/p>\n<p class=\"p1\"><span class=\"s1\">Algumas regi\u00f5es foram preservadas para n\u00e3o afetar a \u00e1rea rural, como, por exemplo, a DF 130, no Padef. Mas as BRs 251, 020, 060 e 040 est\u00e3o entre as previstas para terem algumas \u00e1reas ocupadas por empresas.<\/span><\/p>\n<p>Os terrenos a serem liberados s\u00e3o p\u00fablicos e tamb\u00e9m h\u00e1 \u00e1reas particulares.<\/p>\n<p><b>Novas possibilidades<\/b><\/p>\n<p>As empresas que j\u00e1 est\u00e3o instaladas na chamada macrozona rural ter\u00e3o a oportunidade de regularizar a situa\u00e7\u00e3o. Mas, al\u00e9m disso, o decreto tem o objetivo de ampliar as possibilidades de ocupa\u00e7\u00e3o, especialmente para as empresas de log\u00edstica e de maquin\u00e1rio agr\u00edcola.<\/p>\n<p>Onze manifestaram interesse neste ano em se instalar nessas \u00e1reas, mas n\u00e3o havia terrenos liberados.<\/p>\n<p class=\"p1\"><span class=\"s1\"><b>Minuta <\/b><\/span><\/p>\n<p class=\"p1\"><span class=\"s1\">A minuta do decreto feita pela SDE j\u00e1 est\u00e1 na Casa Civil do GDF para an\u00e1lise. Algumas empresas de fora manifestaram interesse em vir para o DF, mas desistiram por n\u00e3o encontrarem, na \u00e9poca, terrenos \u00e0s margens das rodovias, onde queriam se instalar para uma melhor log\u00edstica.<\/span><\/p>\n<blockquote>\n<p class=\"p1\"><span class=\"s1\">\u201cN\u00e3o havia uma legisla\u00e7\u00e3o local que autorizasse esse tipo de ocupa\u00e7\u00e3o. Com o decreto, resolveremos esse problema. Isso trar\u00e1 benef\u00edcios para a nosssa economia, como mais empregos\u201d, explicou, \u00e0 coluna, o secret\u00e1rio de Desenvolvimento Econ\u00f4mico do DF, Jesuino Pereira.<\/span><\/p>\n<\/blockquote>\n<p class=\"p1\"><b><span class=\"s1\">Linha de transmiss\u00e3o\u00a0<\/span>do Polo JK<\/b><\/p>\n<p class=\"p1\"><span class=\"s1\">A SDE adiantou, ainda, que a linha de distribui\u00e7\u00e3o de energia, para finalmente garantir o completo abastecimento do Polo JK, ser\u00e1 inaugurada ainda este ano. O projeto foi realizado por<span class=\"Apple-converted-space\">\u00a0<\/span>meio do programa ProCidades, do BID. A obra foi licitada e executada pela SDE. O equipamento ser\u00e1 depois operado pela Neonergia.<\/span><\/p>\n<ul class=\"ul1\">\n<li class=\"li1\"><span class=\"s1\">138 mil volts de pot\u00eancia, o q<\/span>ue corresponde ao consumo de uma cidade de\u00a0<span class=\"s1\">50 mil habitantes.<\/span><\/li>\n<\/ul>\n<ul class=\"ul1\">\n<li class=\"li1\"><span class=\"s1\">US$ 38 milh\u00f5es \u00e9 o valor do investimento.<\/span><\/li>\n<\/ul>\n<p><b>Desenvolve DF\u00a0<\/b><\/p>\n<p>No balan\u00e7o de gest\u00e3o, o secret\u00e1rio destaca o programa Desenvolve DF, criado em 2020 pelo governador Ibaneis Rocha. O objetivo continua o mesmo do Programa de Apoio ao Empreendimento Produtivo do Distrito Federal &#8211; PR\u00d3-DF II. S\u00e3o concedidas condi\u00e7\u00f5es melhores para ocupa\u00e7\u00e3o de terrenos por empresas.<\/p>\n<p class=\"p1\"><span class=\"s1\">\u201cHavia uma demora de resposta nas demandas do setor produtivo, quando o empres\u00e1rio afirmava ter conclu\u00eddo o seu processo. \u00a0A secretaria demorava a averiguar e dar retorno. Conseguimos mudar essa situa\u00e7\u00e3o. E realizar agora as an\u00e1lises para concess\u00e3o da escritura em at\u00e9 30 dias\u201d, garante Jesuino.<\/span><\/p>\n<p><img loading=\"lazy\" decoding=\"async\" class=\"aligncenter size-medium wp-image-10717\" src=\"https:\/\/blogs.correiobraziliense.com.br\/capital-sa\/wp-content\/uploads\/sites\/59\/2022\/11\/6EF92C69-B469-4E4C-9CBC-CB573634322D-300x200.jpeg\" alt=\"\" width=\"300\" height=\"200\" srcset=\"https:\/\/blogs.correiobraziliense.com.br\/capital-sa\/wp-content\/uploads\/sites\/59\/2022\/11\/6EF92C69-B469-4E4C-9CBC-CB573634322D-300x200.jpeg 300w, https:\/\/blogs.correiobraziliense.com.br\/capital-sa\/wp-content\/uploads\/sites\/59\/2022\/11\/6EF92C69-B469-4E4C-9CBC-CB573634322D-550x367.jpeg 550w, https:\/\/blogs.correiobraziliense.com.br\/capital-sa\/wp-content\/uploads\/sites\/59\/2022\/11\/6EF92C69-B469-4E4C-9CBC-CB573634322D-230x153.jpeg 230w, https:\/\/blogs.correiobraziliense.com.br\/capital-sa\/wp-content\/uploads\/sites\/59\/2022\/11\/6EF92C69-B469-4E4C-9CBC-CB573634322D.jpeg 675w\" sizes=\"auto, (max-width: 300px) 100vw, 300px\" \/><\/p>\n<p class=\"p1\"><span class=\"s1\">Com o Emprega DF, programa de benef\u00edcios e incentivos fiscais para empresas que investem, mant\u00eam e geram emprego na capital, a secretaria alcan\u00e7ou 35 mil vagas diretas e indiretas preservadas no per\u00edodo do pandemia. Com as 32 empresas participantes, o GDF arrecada de ICMS R$ 350 milh\u00f5es por ano.<\/span><\/p>\n<p class=\"p1\"><span class=\"s1\">\u201cAcho importante lembrar que, nessa gest\u00e3o, a Secretaria de Desenvolvimento Econ\u00f4mico deixou de ser uma \u00e1rea sens\u00edvel, afetada por den\u00fancias e questionamentos, para entrar no rol das mais proativas do\u00a0governo do DF\u201d, sustenta o secret\u00e1rio.<\/span><\/p>\n<p class=\"p1\"><span class=\"s1\">Ainda n\u00e3o est\u00e1 definido quem<br \/>\n<\/span>ser\u00e1 o nome escolhido para chefiar a pasta no segundo mandato de Ibaneis. Jesuino \u00e9 servidor de carreira do GDF. Assumiu a secretaria h\u00e1 1 ano, por indica\u00e7\u00e3o da deputada distrital Jaqueline Silva. Reeleita, ela deve continuar a ter influ\u00eancia no setor.<\/p>\n","protected":false},"excerpt":{"rendered":"<p>Por Samanta Sallum\u00a0 Um decreto vai ser assinado pelo governador Ibaneis Rocha, at\u00e9 o final do ano, permitindo a instala\u00e7\u00e3o de empresas \u00e0s margens das rodovias. A medida \u00e9 uma iniciativa da Secretaria de Desenvolvimento Econ\u00f4mico (SDE) com o objetivo de atrair mais investimentos do setor produtivo para a capital federal. \u00c1reas preservadas O decreto vem sendo elaborado h\u00e1 seis [&hellip;]<\/p>\n","protected":false},"author":125,"featured_media":10726,"comment_status":"open","ping_status":"open","sticky":false,"template":"","format":"standard","meta":{"footnotes":""},"categories":[6],"tags":[365,1629,1644,70],"class_list":["post-10690","post","type-post","status-publish","format-standard","has-post-thumbnail","hentry","category-coluna-capital-s-a","tag-empresas","tag-rodovias","tag-sed","tag-ibaneis"],"_links":{"self":[{"href":"https:\/\/blogs.correiobraziliense.com.br\/capital-sa\/wp-json\/wp\/v2\/posts\/10690","targetHints":{"allow":["GET"]}}],"collection":[{"href":"https:\/\/blogs.correiobraziliense.com.br\/capital-sa\/wp-json\/wp\/v2\/posts"}],"about":[{"href":"https:\/\/blogs.correiobraziliense.com.br\/capital-sa\/wp-json\/wp\/v2\/types\/post"}],"author":[{"embeddable":true,"href":"https:\/\/blogs.correiobraziliense.com.br\/capital-sa\/wp-json\/wp\/v2\/users\/125"}],"replies":[{"embeddable":true,"href":"https:\/\/blogs.correiobraziliense.com.br\/capital-sa\/wp-json\/wp\/v2\/comments?post=10690"}],"version-history":[{"count":18,"href":"https:\/\/blogs.correiobraziliense.com.br\/capital-sa\/wp-json\/wp\/v2\/posts\/10690\/revisions"}],"predecessor-version":[{"id":10749,"href":"https:\/\/blogs.correiobraziliense.com.br\/capital-sa\/wp-json\/wp\/v2\/posts\/10690\/revisions\/10749"}],"wp:featuredmedia":[{"embeddable":true,"href":"https:\/\/blogs.correiobraziliense.com.br\/capital-sa\/wp-json\/wp\/v2\/media\/10726"}],"wp:attachment":[{"href":"https:\/\/blogs.correiobraziliense.com.br\/capital-sa\/wp-json\/wp\/v2\/media?parent=10690"}],"wp:term":[{"taxonomy":"category","embeddable":true,"href":"https:\/\/blogs.correiobraziliense.com.br\/capital-sa\/wp-json\/wp\/v2\/categories?post=10690"},{"taxonomy":"post_tag","embeddable":true,"href":"https:\/\/blogs.correiobraziliense.com.br\/capital-sa\/wp-json\/wp\/v2\/tags?post=10690"}],"curies":[{"name":"wp","href":"https:\/\/api.w.org\/{rel}","templated":true}]}}