{"id":10660,"date":"2022-11-04T15:30:10","date_gmt":"2022-11-04T18:30:10","guid":{"rendered":"https:\/\/blogs.correiobraziliense.com.br\/capital-sa\/?p=10660"},"modified":"2022-11-06T23:32:18","modified_gmt":"2022-11-07T02:32:18","slug":"agua-de-beber-viagem-no-tempo-em-realidade-virtual-traz-tom-e-vinicius-a-brasilia","status":"publish","type":"post","link":"https:\/\/blogs.correiobraziliense.com.br\/capital-sa\/2022\/11\/04\/agua-de-beber-viagem-no-tempo-em-realidade-virtual-traz-tom-e-vinicius-a-brasilia\/","title":{"rendered":"\u00c1gua de Beber: viagem no tempo, em realidade virtual, traz Tom e Vinicius a Bras\u00edlia"},"content":{"rendered":"<p class=\"p1\"><b>Por Samanta Sallum\u00a0<\/b><\/p>\n<p class=\"p1\"><span class=\"s1\">Um po\u00e9tico e tecnol\u00f3gico evento foi especialmente organizado para celebrar os 66 anos do Museu Catetinho. Usando \u00f3culos de realidade virtual, o p\u00fablico vai poder viajar na hist\u00f3ria e presenciar a composi\u00e7\u00e3o do sucesso da bossa, que nasceu durante a constru\u00e7\u00e3o de Bras\u00edlia. Ser\u00e1 reconstitu\u00eddo o momento em que Tom Jobim e Vinicius de Moraes, inspirados pela natureza ao redor do Catetinho, fizeram a composi\u00e7\u00e3o de sucesso mundial da bossa nova <em>\u00c1gua de Beber<\/em>, em 1960.<\/span><\/p>\n<p class=\"p1\"><span class=\"s1\"><b>Produ\u00e7\u00e3o local<\/b><\/span><\/p>\n<p><img loading=\"lazy\" decoding=\"async\" class=\"aligncenter size-medium wp-image-10687\" src=\"https:\/\/blogs.correiobraziliense.com.br\/capital-sa\/wp-content\/uploads\/sites\/59\/2022\/11\/CD5A1AC3-1026-467F-88EB-0FF041BF3698-265x300.jpeg\" alt=\"\" width=\"265\" height=\"300\" srcset=\"https:\/\/blogs.correiobraziliense.com.br\/capital-sa\/wp-content\/uploads\/sites\/59\/2022\/11\/CD5A1AC3-1026-467F-88EB-0FF041BF3698-265x300.jpeg 265w, https:\/\/blogs.correiobraziliense.com.br\/capital-sa\/wp-content\/uploads\/sites\/59\/2022\/11\/CD5A1AC3-1026-467F-88EB-0FF041BF3698-230x260.jpeg 230w, https:\/\/blogs.correiobraziliense.com.br\/capital-sa\/wp-content\/uploads\/sites\/59\/2022\/11\/CD5A1AC3-1026-467F-88EB-0FF041BF3698.jpeg 334w\" sizes=\"auto, (max-width: 265px) 100vw, 265px\" \/><\/p>\n<p class=\"p1\"><span class=\"s1\">A produ\u00e7\u00e3o, inteiramente brasiliense, foi criada com equipe e elenco totalmente locais. Adriano Siri, ator consagrado da companhia de com\u00e9dia Os Melhores do Mundo, empresta seu talento ao interpretar Vinicius de Moraes. E Jo\u00e3o Gott assumiu o papel de Tom Jobim. A dire\u00e7\u00e3o \u00e9 dos brasilienses Filipe Gontijo e Henrique Siqueira. O projeto conta com apoio do FAC e a exibi\u00e7\u00e3o ser\u00e1 em 9 e 10 de novembro, das 9h \u00e0s 17h, com entrada franca.<\/span><\/p>\n<p><img loading=\"lazy\" decoding=\"async\" class=\"aligncenter size-medium wp-image-10688\" src=\"https:\/\/blogs.correiobraziliense.com.br\/capital-sa\/wp-content\/uploads\/sites\/59\/2022\/11\/6F6D2642-3998-4843-B67F-F56B389DCB83-300x295.jpeg\" alt=\"\" width=\"300\" height=\"295\" srcset=\"https:\/\/blogs.correiobraziliense.com.br\/capital-sa\/wp-content\/uploads\/sites\/59\/2022\/11\/6F6D2642-3998-4843-B67F-F56B389DCB83-300x295.jpeg 300w, https:\/\/blogs.correiobraziliense.com.br\/capital-sa\/wp-content\/uploads\/sites\/59\/2022\/11\/6F6D2642-3998-4843-B67F-F56B389DCB83-550x540.jpeg 550w, https:\/\/blogs.correiobraziliense.com.br\/capital-sa\/wp-content\/uploads\/sites\/59\/2022\/11\/6F6D2642-3998-4843-B67F-F56B389DCB83-230x226.jpeg 230w, https:\/\/blogs.correiobraziliense.com.br\/capital-sa\/wp-content\/uploads\/sites\/59\/2022\/11\/6F6D2642-3998-4843-B67F-F56B389DCB83.jpeg 613w\" sizes=\"auto, (max-width: 300px) 100vw, 300px\" \/><\/p>\n<p><b>Programa\u00e7\u00e3o<\/b><\/p>\n<p class=\"p1\"><span class=\"s1\">Quem perder a oportunidade, poder\u00e1 assistir ao filme nas mostras brasilienses de realidade virtual, que acontecem neste final de ano em Bras\u00edlia, no Museu Vivo da Hist\u00f3ria Candanga; de\u00a0<\/span>23 a 26 de novembro, das 9h \u00e0s 17h; e no Pante\u00e3o da P\u00e1tria, Pra\u00e7a dos Tr\u00eas Poderes, de 1\u00ba a 4 de dezembro, das 10h \u00e0s 18h.<\/p>\n","protected":false},"excerpt":{"rendered":"<p>Por Samanta Sallum\u00a0 Um po\u00e9tico e tecnol\u00f3gico evento foi especialmente organizado para celebrar os 66 anos do Museu Catetinho. Usando \u00f3culos de realidade virtual, o p\u00fablico vai poder viajar na hist\u00f3ria e presenciar a composi\u00e7\u00e3o do sucesso da bossa, que nasceu durante a constru\u00e7\u00e3o de Bras\u00edlia. Ser\u00e1 reconstitu\u00eddo o momento em que Tom Jobim e Vinicius de Moraes, inspirados pela [&hellip;]<\/p>\n","protected":false},"author":125,"featured_media":10666,"comment_status":"open","ping_status":"open","sticky":false,"template":"","format":"standard","meta":{"footnotes":""},"categories":[6],"tags":[1636,1634,1637,1635,1638,1639,1633,1632],"class_list":["post-10660","post","type-post","status-publish","format-standard","has-post-thumbnail","hentry","category-coluna-capital-s-a","tag-aguadebeber","tag-bossanova","tag-cancao","tag-catetinho","tag-producaolocal","tag-realidadevirtual","tag-tomjobim","tag-viniciusdemoraes"],"_links":{"self":[{"href":"https:\/\/blogs.correiobraziliense.com.br\/capital-sa\/wp-json\/wp\/v2\/posts\/10660","targetHints":{"allow":["GET"]}}],"collection":[{"href":"https:\/\/blogs.correiobraziliense.com.br\/capital-sa\/wp-json\/wp\/v2\/posts"}],"about":[{"href":"https:\/\/blogs.correiobraziliense.com.br\/capital-sa\/wp-json\/wp\/v2\/types\/post"}],"author":[{"embeddable":true,"href":"https:\/\/blogs.correiobraziliense.com.br\/capital-sa\/wp-json\/wp\/v2\/users\/125"}],"replies":[{"embeddable":true,"href":"https:\/\/blogs.correiobraziliense.com.br\/capital-sa\/wp-json\/wp\/v2\/comments?post=10660"}],"version-history":[{"count":7,"href":"https:\/\/blogs.correiobraziliense.com.br\/capital-sa\/wp-json\/wp\/v2\/posts\/10660\/revisions"}],"predecessor-version":[{"id":10711,"href":"https:\/\/blogs.correiobraziliense.com.br\/capital-sa\/wp-json\/wp\/v2\/posts\/10660\/revisions\/10711"}],"wp:featuredmedia":[{"embeddable":true,"href":"https:\/\/blogs.correiobraziliense.com.br\/capital-sa\/wp-json\/wp\/v2\/media\/10666"}],"wp:attachment":[{"href":"https:\/\/blogs.correiobraziliense.com.br\/capital-sa\/wp-json\/wp\/v2\/media?parent=10660"}],"wp:term":[{"taxonomy":"category","embeddable":true,"href":"https:\/\/blogs.correiobraziliense.com.br\/capital-sa\/wp-json\/wp\/v2\/categories?post=10660"},{"taxonomy":"post_tag","embeddable":true,"href":"https:\/\/blogs.correiobraziliense.com.br\/capital-sa\/wp-json\/wp\/v2\/tags?post=10660"}],"curies":[{"name":"wp","href":"https:\/\/api.w.org\/{rel}","templated":true}]}}