{"id":10657,"date":"2022-11-04T14:18:17","date_gmt":"2022-11-04T17:18:17","guid":{"rendered":"https:\/\/blogs.correiobraziliense.com.br\/capital-sa\/?p=10657"},"modified":"2022-11-06T23:23:52","modified_gmt":"2022-11-07T02:23:52","slug":"cdl-df-elege-diretoria-para-mandato-ate-2024","status":"publish","type":"post","link":"https:\/\/blogs.correiobraziliense.com.br\/capital-sa\/2022\/11\/04\/cdl-df-elege-diretoria-para-mandato-ate-2024\/","title":{"rendered":"CDL-DF elege diretoria para mandato at\u00e9 2024"},"content":{"rendered":"<p class=\"p1\">A Chapa \u201cPreserva\u00e7\u00e3o, Uni\u00e3o e Desenvolvimento\u201d tomar\u00e1 posse em 1\u00ba de janeiro. A C\u00e2mara de Dirigentes Lojistas do Distrito Federal (CDL-DF) reelegeu o presidente, Wagner da Silveira Jr., e os vice-presidentes, Eduardo Pereira Neto e Samuel Torres de Vasconcelos. &#8220;Um projeto que a CDL j\u00e1 come\u00e7ou a desenvolver e vai ser continuado \u00e9 o Panorama do Com\u00e9rcio do DF, um documento para auxiliar os empreendedores nas tomadas de decis\u00f5es&#8221;, destacou Wagner da Silveira.<\/p>\n<p class=\"p1\"><span class=\"s1\"><b>Revitaliza\u00e7\u00e3o da W3 <\/b><\/span><\/p>\n<p class=\"p1\"><span class=\"s1\">Fazendo uma retrospectiva, o presidente da CDL-DF apontou algumas realiza\u00e7\u00f5es da entidade nos \u00faltimos dois anos: &#8220;Fechamos parcerias importantes e estivemos juntos com o governo do DF em diversos momentos decisivos para a capital. Um exemplo \u00e9 a parceria com a Secretaria de Turismo do DF, em que contribu\u00edmos com a produ\u00e7\u00e3o dos pain\u00e9is da W3 Sul, proposto no projeto da Revitaliza\u00e7\u00e3o&#8221;, lembrou.<\/span><\/p>\n","protected":false},"excerpt":{"rendered":"<p>A Chapa \u201cPreserva\u00e7\u00e3o, Uni\u00e3o e Desenvolvimento\u201d tomar\u00e1 posse em 1\u00ba de janeiro. A C\u00e2mara de Dirigentes Lojistas do Distrito Federal (CDL-DF) reelegeu o presidente, Wagner da Silveira Jr., e os vice-presidentes, Eduardo Pereira Neto e Samuel Torres de Vasconcelos. &#8220;Um projeto que a CDL j\u00e1 come\u00e7ou a desenvolver e vai ser continuado \u00e9 o Panorama do Com\u00e9rcio do DF, um [&hellip;]<\/p>\n","protected":false},"author":125,"featured_media":10670,"comment_status":"open","ping_status":"open","sticky":false,"template":"","format":"standard","meta":{"footnotes":""},"categories":[6],"tags":[640,855,1179,1142],"class_list":["post-10657","post","type-post","status-publish","format-standard","has-post-thumbnail","hentry","category-coluna-capital-s-a","tag-cdldf","tag-eleicao","tag-revitalizacao","tag-w3sul"],"_links":{"self":[{"href":"https:\/\/blogs.correiobraziliense.com.br\/capital-sa\/wp-json\/wp\/v2\/posts\/10657","targetHints":{"allow":["GET"]}}],"collection":[{"href":"https:\/\/blogs.correiobraziliense.com.br\/capital-sa\/wp-json\/wp\/v2\/posts"}],"about":[{"href":"https:\/\/blogs.correiobraziliense.com.br\/capital-sa\/wp-json\/wp\/v2\/types\/post"}],"author":[{"embeddable":true,"href":"https:\/\/blogs.correiobraziliense.com.br\/capital-sa\/wp-json\/wp\/v2\/users\/125"}],"replies":[{"embeddable":true,"href":"https:\/\/blogs.correiobraziliense.com.br\/capital-sa\/wp-json\/wp\/v2\/comments?post=10657"}],"version-history":[{"count":4,"href":"https:\/\/blogs.correiobraziliense.com.br\/capital-sa\/wp-json\/wp\/v2\/posts\/10657\/revisions"}],"predecessor-version":[{"id":10705,"href":"https:\/\/blogs.correiobraziliense.com.br\/capital-sa\/wp-json\/wp\/v2\/posts\/10657\/revisions\/10705"}],"wp:featuredmedia":[{"embeddable":true,"href":"https:\/\/blogs.correiobraziliense.com.br\/capital-sa\/wp-json\/wp\/v2\/media\/10670"}],"wp:attachment":[{"href":"https:\/\/blogs.correiobraziliense.com.br\/capital-sa\/wp-json\/wp\/v2\/media?parent=10657"}],"wp:term":[{"taxonomy":"category","embeddable":true,"href":"https:\/\/blogs.correiobraziliense.com.br\/capital-sa\/wp-json\/wp\/v2\/categories?post=10657"},{"taxonomy":"post_tag","embeddable":true,"href":"https:\/\/blogs.correiobraziliense.com.br\/capital-sa\/wp-json\/wp\/v2\/tags?post=10657"}],"curies":[{"name":"wp","href":"https:\/\/api.w.org\/{rel}","templated":true}]}}