{"id":10638,"date":"2022-11-01T18:13:16","date_gmt":"2022-11-01T21:13:16","guid":{"rendered":"https:\/\/blogs.correiobraziliense.com.br\/capital-sa\/?p=10638"},"modified":"2022-11-03T13:08:51","modified_gmt":"2022-11-03T16:08:51","slug":"perdas-do-comercio-com-bloqueios-nas-rodovias-podem-superar-as-de-2018","status":"publish","type":"post","link":"https:\/\/blogs.correiobraziliense.com.br\/capital-sa\/2022\/11\/01\/perdas-do-comercio-com-bloqueios-nas-rodovias-podem-superar-as-de-2018\/","title":{"rendered":"Preju\u00edzo do com\u00e9rcio pode superar R$ 1,8 bi por dia com bloqueios nas rodovias"},"content":{"rendered":"<p class=\"p1\"><em>Preju\u00edzo di\u00e1rio do varejo no pa\u00eds pode ser maior do que R$ 1,8 bi, registrado em movimento de 2018, pois setor passou a depender mais de servi\u00e7os de entrega na pandemia<\/em><\/p>\n<p class=\"p1\"><span class=\"s1\">As interrup\u00e7\u00f5es do fluxo rodovi\u00e1rio, realizadas desde ontem (31), t\u00eam o potencial de afetar significativamente a atividade comercial no pa\u00eds. Para a Confedera\u00e7\u00e3o Nacional do Com\u00e9rcio de Bens, Servi\u00e7os e Turismo (CNC), o movimento pode implicar perdas superiores \u00e0s registradas com a\u00e7\u00e3o similar em 2018, que causou retra\u00e7\u00e3o de 5,8% no volume de vendas, com perda di\u00e1ria de R$ 1,8 bilh\u00e3o.<br \/>\n<\/span><\/p>\n<p class=\"p1\"><span class=\"s1\">O custo total para o varejo, em valores atuais, foi de R$ 18 bilh\u00f5es, contabilizados ao longo dos 10 dias de bloqueios em 2018. <\/span><\/p>\n<p class=\"p1\"><span class=\"s1\">Para a CNC, agrava o cen\u00e1rio do setor a maior depend\u00eancia que as empresas passaram a ter de servi\u00e7os de entregas, uma vez que precisaram operar com estoques reduzidos.<br \/>\n<\/span><\/p>\n<p class=\"p1\"><span class=\"s1\">A confedera\u00e7\u00e3o acrescenta que o registro dessas perdas tende a ser gradual, na medida em que o varejo conta com estoques que, dependendo da dura\u00e7\u00e3o dos bloqueios, ser\u00e3o consumidos at\u00e9 a normaliza\u00e7\u00e3o do fluxo de mercadorias.<\/span><\/p>\n<p class=\"p1\"><span class=\"s1\">A entidade aponta ainda que as perdas n\u00e3o se restringem \u00e0 fonte de receitas, impactando tamb\u00e9m a eleva\u00e7\u00e3o dos custos, especialmente, daqueles relacionados ao transporte.<\/span><\/p>\n<p class=\"p1\"><span class=\"s1\">De acordo com o IPCA, em maio de 2018, o a redu\u00e7\u00e3o dos estoques levou o pre\u00e7o da gasolina a subir 3,34%, e do \u00f3leo diesel, 6,16%.<\/span><\/p>\n","protected":false},"excerpt":{"rendered":"<p>Preju\u00edzo di\u00e1rio do varejo no pa\u00eds pode ser maior do que R$ 1,8 bi, registrado em movimento de 2018, pois setor passou a depender mais de servi\u00e7os de entrega na pandemia As interrup\u00e7\u00f5es do fluxo rodovi\u00e1rio, realizadas desde ontem (31), t\u00eam o potencial de afetar significativamente a atividade comercial no pa\u00eds. Para a Confedera\u00e7\u00e3o Nacional do Com\u00e9rcio de Bens, Servi\u00e7os [&hellip;]<\/p>\n","protected":false},"author":125,"featured_media":0,"comment_status":"open","ping_status":"open","sticky":false,"template":"","format":"standard","meta":{"footnotes":""},"categories":[6],"tags":[275,766,1628,1629,779],"class_list":["post-10638","post","type-post","status-publish","format-standard","hentry","category-coluna-capital-s-a","tag-cnc","tag-entregas","tag-prejuizo","tag-rodovias","tag-varejo"],"_links":{"self":[{"href":"https:\/\/blogs.correiobraziliense.com.br\/capital-sa\/wp-json\/wp\/v2\/posts\/10638","targetHints":{"allow":["GET"]}}],"collection":[{"href":"https:\/\/blogs.correiobraziliense.com.br\/capital-sa\/wp-json\/wp\/v2\/posts"}],"about":[{"href":"https:\/\/blogs.correiobraziliense.com.br\/capital-sa\/wp-json\/wp\/v2\/types\/post"}],"author":[{"embeddable":true,"href":"https:\/\/blogs.correiobraziliense.com.br\/capital-sa\/wp-json\/wp\/v2\/users\/125"}],"replies":[{"embeddable":true,"href":"https:\/\/blogs.correiobraziliense.com.br\/capital-sa\/wp-json\/wp\/v2\/comments?post=10638"}],"version-history":[{"count":7,"href":"https:\/\/blogs.correiobraziliense.com.br\/capital-sa\/wp-json\/wp\/v2\/posts\/10638\/revisions"}],"predecessor-version":[{"id":10649,"href":"https:\/\/blogs.correiobraziliense.com.br\/capital-sa\/wp-json\/wp\/v2\/posts\/10638\/revisions\/10649"}],"wp:attachment":[{"href":"https:\/\/blogs.correiobraziliense.com.br\/capital-sa\/wp-json\/wp\/v2\/media?parent=10638"}],"wp:term":[{"taxonomy":"category","embeddable":true,"href":"https:\/\/blogs.correiobraziliense.com.br\/capital-sa\/wp-json\/wp\/v2\/categories?post=10638"},{"taxonomy":"post_tag","embeddable":true,"href":"https:\/\/blogs.correiobraziliense.com.br\/capital-sa\/wp-json\/wp\/v2\/tags?post=10638"}],"curies":[{"name":"wp","href":"https:\/\/api.w.org\/{rel}","templated":true}]}}