{"id":1063,"date":"2020-12-17T08:00:42","date_gmt":"2020-12-17T11:00:42","guid":{"rendered":"https:\/\/blogs.correiobraziliense.com.br\/capital-sa\/?p=1063"},"modified":"2020-12-16T22:27:40","modified_gmt":"2020-12-17T01:27:40","slug":"premio-para-acoes-no-turismo","status":"publish","type":"post","link":"https:\/\/blogs.correiobraziliense.com.br\/capital-sa\/2020\/12\/17\/premio-para-acoes-no-turismo\/","title":{"rendered":"Pr\u00eamio para a\u00e7\u00f5es no turismo"},"content":{"rendered":"<p>Ser\u00e3o conhecidos hoje os vencedores do Pr\u00eamio Bras\u00edlia: O Novo Olhar do Turismo no DF. A cerim\u00f4nia ser\u00e1 realizada no formato on-line e transmitida nesta quinta-feira,17\/12, \u00e0s 20h, pelo canal do YouTube da Secretaria de Turismo do Distrito Federal (Setur).<\/p>\n<p>A Setur promove a premia\u00e7\u00e3o in\u00e9dita para agradecer e incentivar todos os profissionais que trabalham para impulsionar o turismo na capital federal e se reinventaram, mesmo diante da crise imposta pelo novo coronav\u00edrus.<\/p>\n<p>&nbsp;<\/p>\n<h3>Incentivo \u00e0 retomada<\/h3>\n<p>S\u00e3o 23 categorias, entre profissionais e iniciativas, que reuniram 400 inscri\u00e7\u00f5es.<\/p>\n<p><img loading=\"lazy\" decoding=\"async\" class=\"aligncenter size-medium wp-image-1064\" src=\"https:\/\/blogs.correiobraziliense.com.br\/capital-sa\/wp-content\/uploads\/sites\/59\/2020\/12\/m-5-300x225.jpg\" alt=\"\" width=\"300\" height=\"225\" srcset=\"https:\/\/blogs.correiobraziliense.com.br\/capital-sa\/wp-content\/uploads\/sites\/59\/2020\/12\/m-5-300x225.jpg 300w, https:\/\/blogs.correiobraziliense.com.br\/capital-sa\/wp-content\/uploads\/sites\/59\/2020\/12\/m-5-768x576.jpg 768w, https:\/\/blogs.correiobraziliense.com.br\/capital-sa\/wp-content\/uploads\/sites\/59\/2020\/12\/m-5.jpg 800w, https:\/\/blogs.correiobraziliense.com.br\/capital-sa\/wp-content\/uploads\/sites\/59\/2020\/12\/m-5-550x413.jpg 550w, https:\/\/blogs.correiobraziliense.com.br\/capital-sa\/wp-content\/uploads\/sites\/59\/2020\/12\/m-5-230x173.jpg 230w\" sizes=\"auto, (max-width: 300px) 100vw, 300px\" \/><\/p>\n<blockquote><p>\u201cO turismo \u00e9 um setor fundamental para a retomada econ\u00f4mica em curto prazo e n\u00e3o podemos parar em nenhum momento\u201d, aponta a secret\u00e1ria de Turismo do DF, <strong>Vanessa Mendon\u00e7a<\/strong>.<\/p><\/blockquote>\n<p>&nbsp;<\/p>\n<h3>Recupera\u00e7\u00e3o do setor<\/h3>\n<p>Nos \u00faltimos meses de per\u00edodo de retomada, o \u00cdndice de Atividades Tur\u00edsticas no DF j\u00e1 cresceu 25,6%, em agosto. Um resultado acima da m\u00e9dia nacional, que foi de 19,3%, segundo dados do IBGE.<\/p>\n<p>&nbsp;<\/p>\n","protected":false},"excerpt":{"rendered":"<p>Ser\u00e3o conhecidos hoje os vencedores do Pr\u00eamio Bras\u00edlia: O Novo Olhar do Turismo no DF. A cerim\u00f4nia ser\u00e1 realizada no formato on-line e transmitida nesta quinta-feira,17\/12, \u00e0s 20h, pelo canal do YouTube da Secretaria de Turismo do Distrito Federal (Setur). A Setur promove a premia\u00e7\u00e3o in\u00e9dita para agradecer e incentivar todos os profissionais que trabalham para impulsionar o turismo na [&hellip;]<\/p>\n","protected":false},"author":125,"featured_media":1065,"comment_status":"open","ping_status":"open","sticky":false,"template":"","format":"standard","meta":{"footnotes":""},"categories":[1],"tags":[332,331,330,333],"class_list":["post-1063","post","type-post","status-publish","format-standard","has-post-thumbnail","hentry","category-sem-categoria","tag-df","tag-premio","tag-setur","tag-turismo"],"_links":{"self":[{"href":"https:\/\/blogs.correiobraziliense.com.br\/capital-sa\/wp-json\/wp\/v2\/posts\/1063","targetHints":{"allow":["GET"]}}],"collection":[{"href":"https:\/\/blogs.correiobraziliense.com.br\/capital-sa\/wp-json\/wp\/v2\/posts"}],"about":[{"href":"https:\/\/blogs.correiobraziliense.com.br\/capital-sa\/wp-json\/wp\/v2\/types\/post"}],"author":[{"embeddable":true,"href":"https:\/\/blogs.correiobraziliense.com.br\/capital-sa\/wp-json\/wp\/v2\/users\/125"}],"replies":[{"embeddable":true,"href":"https:\/\/blogs.correiobraziliense.com.br\/capital-sa\/wp-json\/wp\/v2\/comments?post=1063"}],"version-history":[{"count":1,"href":"https:\/\/blogs.correiobraziliense.com.br\/capital-sa\/wp-json\/wp\/v2\/posts\/1063\/revisions"}],"predecessor-version":[{"id":1066,"href":"https:\/\/blogs.correiobraziliense.com.br\/capital-sa\/wp-json\/wp\/v2\/posts\/1063\/revisions\/1066"}],"wp:featuredmedia":[{"embeddable":true,"href":"https:\/\/blogs.correiobraziliense.com.br\/capital-sa\/wp-json\/wp\/v2\/media\/1065"}],"wp:attachment":[{"href":"https:\/\/blogs.correiobraziliense.com.br\/capital-sa\/wp-json\/wp\/v2\/media?parent=1063"}],"wp:term":[{"taxonomy":"category","embeddable":true,"href":"https:\/\/blogs.correiobraziliense.com.br\/capital-sa\/wp-json\/wp\/v2\/categories?post=1063"},{"taxonomy":"post_tag","embeddable":true,"href":"https:\/\/blogs.correiobraziliense.com.br\/capital-sa\/wp-json\/wp\/v2\/tags?post=1063"}],"curies":[{"name":"wp","href":"https:\/\/api.w.org\/{rel}","templated":true}]}}