{"id":10585,"date":"2022-10-31T16:47:46","date_gmt":"2022-10-31T19:47:46","guid":{"rendered":"https:\/\/blogs.correiobraziliense.com.br\/capital-sa\/?p=10585"},"modified":"2022-11-01T12:22:37","modified_gmt":"2022-11-01T15:22:37","slug":"sindiatacadista-repudia-protesto-dos-caminhoneiros-por-ameacar-abastecimento-do-comercio","status":"publish","type":"post","link":"https:\/\/blogs.correiobraziliense.com.br\/capital-sa\/2022\/10\/31\/sindiatacadista-repudia-protesto-dos-caminhoneiros-por-ameacar-abastecimento-do-comercio\/","title":{"rendered":"Sindiatacadista repudia protesto dos caminhoneiros por amea\u00e7ar abastecimento do com\u00e9rcio"},"content":{"rendered":"<p class=\"p2\"><b>Por Samanta Sallum\u00a0<\/b><\/p>\n<p class=\"p2\"><span class=\"s1\">O Sindicato do Com\u00e9rcio Atacadista do Distrito Federal criticou a a\u00e7\u00e3o dos caminhoneiros bolsonaristas que fecharam v\u00e1rias rodovias em todo o Brasil em protesto \u00e0 vit\u00f3ria do candidato Luiz In\u00e1cio Lula da Silva (PT). Segundo o Sindiatacadista, os bloqueios podem causar graves transtornos \u00e0s atividades de transporte, prejudicando o abastecimento de estabelecimentos de produ\u00e7\u00e3o e com\u00e9rcio. <\/span><\/p>\n<p class=\"p2\"><span class=\"s1\">\u201cN\u00e3o \u00e9 hora deste tipo de protesto. Acredito que institucionalmente os brasileiros devem respeitar o resultado das elei\u00e7\u00f5es, que foram limpas. Agora, mais do que nunca, precisaremos nos unir para ter um pa\u00eds melhor. As elei\u00e7\u00f5es acabaram ontem, daqui tr\u00eas anos e meio poderemos voltar a discutir um novo candidato. At\u00e9 l\u00e1, nos cabe apenas trabalhar pelo bem do Brasil e estarmos vigilantes para que as promessas de campanha sejam cumpridas\u201d, afirmou o presidente Sindiatacadista\/DF, \u00c1lvaro Silveira Jr.<\/span><\/p>\n<p class=\"p2\"><span class=\"s1\">Para todo o setor atacadista do pa\u00eds, o transporte pelas rodovias \u00e9 essencial no trabalho de log\u00edstica. Pelas rodovias, milhares de produtos, de alimentos a medicamentos, s\u00e3o distribu\u00eddos das ind\u00fastrias para o com\u00e9rcio em geral.<\/span><\/p>\n","protected":false},"excerpt":{"rendered":"<p>Por Samanta Sallum\u00a0 O Sindicato do Com\u00e9rcio Atacadista do Distrito Federal criticou a a\u00e7\u00e3o dos caminhoneiros bolsonaristas que fecharam v\u00e1rias rodovias em todo o Brasil em protesto \u00e0 vit\u00f3ria do candidato Luiz In\u00e1cio Lula da Silva (PT). Segundo o Sindiatacadista, os bloqueios podem causar graves transtornos \u00e0s atividades de transporte, prejudicando o abastecimento de estabelecimentos de produ\u00e7\u00e3o e com\u00e9rcio. \u201cN\u00e3o [&hellip;]<\/p>\n","protected":false},"author":125,"featured_media":10588,"comment_status":"open","ping_status":"open","sticky":false,"template":"","format":"standard","meta":{"footnotes":""},"categories":[6],"tags":[726,1620,560],"class_list":["post-10585","post","type-post","status-publish","format-standard","has-post-thumbnail","hentry","category-coluna-capital-s-a","tag-eleicoes","tag-protestos","tag-sindiatacadista"],"_links":{"self":[{"href":"https:\/\/blogs.correiobraziliense.com.br\/capital-sa\/wp-json\/wp\/v2\/posts\/10585","targetHints":{"allow":["GET"]}}],"collection":[{"href":"https:\/\/blogs.correiobraziliense.com.br\/capital-sa\/wp-json\/wp\/v2\/posts"}],"about":[{"href":"https:\/\/blogs.correiobraziliense.com.br\/capital-sa\/wp-json\/wp\/v2\/types\/post"}],"author":[{"embeddable":true,"href":"https:\/\/blogs.correiobraziliense.com.br\/capital-sa\/wp-json\/wp\/v2\/users\/125"}],"replies":[{"embeddable":true,"href":"https:\/\/blogs.correiobraziliense.com.br\/capital-sa\/wp-json\/wp\/v2\/comments?post=10585"}],"version-history":[{"count":5,"href":"https:\/\/blogs.correiobraziliense.com.br\/capital-sa\/wp-json\/wp\/v2\/posts\/10585\/revisions"}],"predecessor-version":[{"id":10603,"href":"https:\/\/blogs.correiobraziliense.com.br\/capital-sa\/wp-json\/wp\/v2\/posts\/10585\/revisions\/10603"}],"wp:featuredmedia":[{"embeddable":true,"href":"https:\/\/blogs.correiobraziliense.com.br\/capital-sa\/wp-json\/wp\/v2\/media\/10588"}],"wp:attachment":[{"href":"https:\/\/blogs.correiobraziliense.com.br\/capital-sa\/wp-json\/wp\/v2\/media?parent=10585"}],"wp:term":[{"taxonomy":"category","embeddable":true,"href":"https:\/\/blogs.correiobraziliense.com.br\/capital-sa\/wp-json\/wp\/v2\/categories?post=10585"},{"taxonomy":"post_tag","embeddable":true,"href":"https:\/\/blogs.correiobraziliense.com.br\/capital-sa\/wp-json\/wp\/v2\/tags?post=10585"}],"curies":[{"name":"wp","href":"https:\/\/api.w.org\/{rel}","templated":true}]}}