{"id":10564,"date":"2022-10-31T03:37:32","date_gmt":"2022-10-31T06:37:32","guid":{"rendered":"https:\/\/blogs.correiobraziliense.com.br\/capital-sa\/?p=10564"},"modified":"2022-10-31T15:40:33","modified_gmt":"2022-10-31T18:40:33","slug":"apesar-de-dividido-setor-produtivo-no-df-defende-respeito-a-resultado-das-urnas","status":"publish","type":"post","link":"https:\/\/blogs.correiobraziliense.com.br\/capital-sa\/2022\/10\/31\/apesar-de-dividido-setor-produtivo-no-df-defende-respeito-a-resultado-das-urnas\/","title":{"rendered":"Apesar de dividido, setor produtivo no DF defende respeito a resultado das urnas"},"content":{"rendered":"<p><em>Maioria dos empres\u00e1rios na capital federal apoiou Bolsonaro. Mas Lula teve importantes aliados no setor<\/em><\/p>\n<p><b>Por Samanta Sallum\u00a0<\/b><\/p>\n<p>O Distrito Federal se confirmou como reduto bolsonarista no segundo turno da elei\u00e7\u00e3o presidencial. E, nesse resultado, est\u00e1 refletida tamb\u00e9m a prefer\u00eancia do empresariado local. A maioria ajudou e muito nos votos conquistados por Jair Bolsonaro (PL), que alcan\u00e7ou 58,81% dos v\u00e1lidos na capital federal \u2014 bem \u00e0 frente de Lula (PT), que obteve 41,19%.<\/p>\n<p class=\"p2\"><span class=\"s1\">O petista n\u00e3o contou com eventos de campanha promovidos pelo setor produtivo, aqui, mas recebeu apoio de duas importantes lideran\u00e7as: do superintendente do Sebrae no DF, Valdir Oliveira, e do presidente da Federa\u00e7\u00e3o das Ind\u00fastrias do DF (Fibra), Jorge Jamal Bittar.<\/span><\/p>\n<p><img loading=\"lazy\" decoding=\"async\" class=\"aligncenter size-medium wp-image-10577\" src=\"https:\/\/blogs.correiobraziliense.com.br\/capital-sa\/wp-content\/uploads\/sites\/59\/2022\/10\/3BF95E62-FE9A-4806-983A-C57DE114160C-268x300.jpeg\" alt=\"\" width=\"268\" height=\"300\" srcset=\"https:\/\/blogs.correiobraziliense.com.br\/capital-sa\/wp-content\/uploads\/sites\/59\/2022\/10\/3BF95E62-FE9A-4806-983A-C57DE114160C-268x300.jpeg 268w, https:\/\/blogs.correiobraziliense.com.br\/capital-sa\/wp-content\/uploads\/sites\/59\/2022\/10\/3BF95E62-FE9A-4806-983A-C57DE114160C-768x859.jpeg 768w, https:\/\/blogs.correiobraziliense.com.br\/capital-sa\/wp-content\/uploads\/sites\/59\/2022\/10\/3BF95E62-FE9A-4806-983A-C57DE114160C-915x1024.jpeg 915w, https:\/\/blogs.correiobraziliense.com.br\/capital-sa\/wp-content\/uploads\/sites\/59\/2022\/10\/3BF95E62-FE9A-4806-983A-C57DE114160C-800x895.jpeg 800w, https:\/\/blogs.correiobraziliense.com.br\/capital-sa\/wp-content\/uploads\/sites\/59\/2022\/10\/3BF95E62-FE9A-4806-983A-C57DE114160C-550x615.jpeg 550w, https:\/\/blogs.correiobraziliense.com.br\/capital-sa\/wp-content\/uploads\/sites\/59\/2022\/10\/3BF95E62-FE9A-4806-983A-C57DE114160C-230x257.jpeg 230w, https:\/\/blogs.correiobraziliense.com.br\/capital-sa\/wp-content\/uploads\/sites\/59\/2022\/10\/3BF95E62-FE9A-4806-983A-C57DE114160C.jpeg 986w\" sizes=\"auto, (max-width: 268px) 100vw, 268px\" \/><\/p>\n<p class=\"p2\"><span class=\"s1\">Grande parte dos representantes de sindicatos empresariais se juntou ao governador Ibaneis Rocha (MDB) na mobiliza\u00e7\u00e3o para eleger Bolsonaro. Conseguiram aumentar a vota\u00e7\u00e3o do candidato do PL em Bras\u00edlia, que subiu de 51,65% para 58,81% entre o primeiro e o segundo turno. Lula tamb\u00e9m avan\u00e7ou no DF, passando de 36,85% para 41,19%. Mas n\u00e3o foi o suficiente para a virada no \u00e2mbito local.<br \/>\n<\/span><\/p>\n<p><img loading=\"lazy\" decoding=\"async\" class=\"aligncenter size-medium wp-image-10578\" src=\"https:\/\/blogs.correiobraziliense.com.br\/capital-sa\/wp-content\/uploads\/sites\/59\/2022\/10\/DE80EC29-79BF-4761-83AF-6799289045A6-300x283.jpeg\" alt=\"\" width=\"300\" height=\"283\" srcset=\"https:\/\/blogs.correiobraziliense.com.br\/capital-sa\/wp-content\/uploads\/sites\/59\/2022\/10\/DE80EC29-79BF-4761-83AF-6799289045A6-300x283.jpeg 300w, https:\/\/blogs.correiobraziliense.com.br\/capital-sa\/wp-content\/uploads\/sites\/59\/2022\/10\/DE80EC29-79BF-4761-83AF-6799289045A6-550x518.jpeg 550w, https:\/\/blogs.correiobraziliense.com.br\/capital-sa\/wp-content\/uploads\/sites\/59\/2022\/10\/DE80EC29-79BF-4761-83AF-6799289045A6-230x217.jpeg 230w, https:\/\/blogs.correiobraziliense.com.br\/capital-sa\/wp-content\/uploads\/sites\/59\/2022\/10\/DE80EC29-79BF-4761-83AF-6799289045A6.jpeg 722w\" sizes=\"auto, (max-width: 300px) 100vw, 300px\" \/><\/p>\n<p class=\"p2\"><span class=\"s1\">Apesar de dividido, a preocupa\u00e7\u00e3o com pautas nacionais referentes \u00e0 economia une o segmento empresarial, como a revis\u00e3o da reforma trabalhista e a reforma tribut\u00e1ria. A grande expectativa, agora, \u00e9 o an\u00fancio de quem ser\u00e1 o ministro da Economia.<\/span><\/p>\n<p class=\"p2\"><span class=\"s1\">O presidente da Federa\u00e7\u00e3o da Agricultura e Pecu\u00e1ria do DF (Fape), Fernando Cezar Ribeiro, declarou voto em Bolsonaro. O presidente da Fecom\u00e9rcio do DF, Jos\u00e9 Aparecido Freire, n\u00e3o se manifestou oficialmente. Segundo ele, em respeito \u00e0 grande e diversa base que representa. A entidade corresponde a 50% do PIB do DF. Mas ele participou ativamente de evento organizado em prol da campanha de Bolsonaro h\u00e1<span class=\"Apple-converted-space\">\u00a0<\/span>duas semanas, que reuniu mil empreendedores.<br \/>\n<\/span><\/p>\n<p class=\"p2\"><span class=\"s1\">O encontro foi liderado pelo presidente do Sindivarejista, Sebasti\u00e3o Abritta, e pela deputada federal Bia Kicis (PL), com a presen\u00e7a de Ibaneis.<\/span><\/p>\n<blockquote>\n<p class=\"p2\"><span class=\"s1\">&#8220;Sab\u00edamos que a elei\u00e7\u00e3o seria apertada. E o resultado mostra que o pa\u00eds est\u00e1 dividido. No entanto, o mais importante, no momento, \u00e9 respeitar o resultado das urnas. Vamos torcer para que o pr\u00f3ximo governo seja bom, que a economia fique estabilizada e que os empres\u00e1rios sejam respeitados. Continuaremos trabalhando pela gera\u00e7\u00e3o de empregos e renda&#8221;, comentou Freire ap\u00f3s a confirma\u00e7\u00e3o da vit\u00f3ria de Lula pelo TSE.\u00a0<\/span><\/p>\n<\/blockquote>\n<p><img loading=\"lazy\" decoding=\"async\" class=\"aligncenter size-medium wp-image-10579\" src=\"https:\/\/blogs.correiobraziliense.com.br\/capital-sa\/wp-content\/uploads\/sites\/59\/2022\/10\/96F3C17D-D1A1-42DE-B7A3-CFE026132BB8-288x300.jpeg\" alt=\"\" width=\"288\" height=\"300\" srcset=\"https:\/\/blogs.correiobraziliense.com.br\/capital-sa\/wp-content\/uploads\/sites\/59\/2022\/10\/96F3C17D-D1A1-42DE-B7A3-CFE026132BB8-288x300.jpeg 288w, https:\/\/blogs.correiobraziliense.com.br\/capital-sa\/wp-content\/uploads\/sites\/59\/2022\/10\/96F3C17D-D1A1-42DE-B7A3-CFE026132BB8-230x240.jpeg 230w, https:\/\/blogs.correiobraziliense.com.br\/capital-sa\/wp-content\/uploads\/sites\/59\/2022\/10\/96F3C17D-D1A1-42DE-B7A3-CFE026132BB8.jpeg 508w\" sizes=\"auto, (max-width: 288px) 100vw, 288px\" \/><\/p>\n<p class=\"p2\"><span class=\"s1\"><b>Desafio continua<\/b><\/span><\/p>\n<p class=\"p2\"><span class=\"s1\">O presidente da C\u00e2mara de Dirigentes Lojistas (CDL) do DF, Wagner Silveira Jr., fez uma an\u00e1lise em defesa da democracia.<\/span><\/p>\n<blockquote>\n<p class=\"p2\"><span class=\"s1\"> &#8220;Tivemos uma demonstra\u00e7\u00e3o da democracia com elei\u00e7\u00f5es tranquilas. Infelizmente, os extremos n\u00e3o s\u00e3o bons. A decis\u00e3o do povo deve ser soberana. E contestar resultado depois de elei\u00e7\u00e3o \u00e9 algo in\u00f3cuo. Para n\u00f3s, empres\u00e1rios, o desafio continua. Precisamos que a economia se estabilize&#8221;, avaliou.<br \/>\n<\/span><\/p>\n<\/blockquote>\n<p class=\"p2\"><span class=\"s1\">Na semana passada, ele foi reeleito para mais dois anos de mandato \u00e0 frente da CDL.<\/span><\/p>\n<p class=\"p2\"><span class=\"s1\">Silveira n\u00e3o declarou voto para n\u00e3o provocar diverg\u00eancias internas na entidade. &#8220;Tinha de respeitar a diversidade da minha base&#8221;, explicou.<\/span><\/p>\n<p class=\"p2\"><span class=\"s1\">O presidente do Sindiatacadista, \u00c1lvaro Silveira Jr., simpatizante de Bolsonaro, tamb\u00e9m manifestou respeito ao resultado.<\/span><\/p>\n<blockquote>\n<p class=\"p2\"><span class=\"s1\"> &#8220;N\u00e3o ganhamos nada em fomentar uma guerra pol\u00edtica agora. E as urnas foram as mesmas que elegeram o Congresso conservador&#8221;, apontou.<\/span><\/p>\n<p class=\"p2\"><span class=\"s1\">O presidente da Fibra, Jamal Bittar, pregou a pacifica\u00e7\u00e3o do pa\u00eds.\u00a0<\/span><\/p>\n<p>&#8220;Precisamos unir o Brasil, para voltar a crescer de forma robusta. O Lula mostrou nos seus mandatos, entre 2002 e 2010, que tem capacidade para fazer isso. E teremos um vice-presidente, o Alckmin, que tamb\u00e9m tem compet\u00eancia&#8221;, destacou.<\/p><\/blockquote>\n<p>O presidente da Fibra foi uma voz destoante do segmento industrial, j\u00e1 que a Confedera\u00e7\u00e3o Nacional da Ind\u00fastria (CNI) teve a maioria dos seus integrantes inclinados a Bolsonaro.<\/p>\n<p class=\"p2\"><span class=\"s1\"><b>Cotado<\/b><\/span><\/p>\n<p>Lideran\u00e7as empresariais que ficaram isoladas no DF por apoiar Lula ganham, agora, protagonismo nacional. O superintendente regional do Sebrae, Valdir Oliveira, participou diretamente da campanha de Lula e Alckmin ajudando a elaborar o programa de governo para as micro e pequenas empresas.<\/p>\n<p class=\"p2\"><span class=\"s1\">Valdir est\u00e1 cotado para participar do governo do presidente eleito na esfera federal, j\u00e1 que h\u00e1 a previs\u00e3o de se criar o Minist\u00e9rio da Micro e Pequena Empresa.<\/span><\/p>\n<blockquote>\n<p class=\"p2\"><span class=\"s1\">&#8220;Abra\u00e7amos na campanha o micro e pequeno empres\u00e1rio. Sabemos bem quais s\u00e3o as dores que esse segmento sente na pele. E a sobreviv\u00eancia dele \u00e9 vital para a economia do pa\u00eds, para preserva\u00e7\u00e3o e gera\u00e7\u00e3o de empregos. Precisamos resgatar milhares de empreendedores que est\u00e3o endividados, necessitando de ajuda&#8221;, disse Valdir.<\/span><\/p>\n<\/blockquote>\n","protected":false},"excerpt":{"rendered":"<p>Maioria dos empres\u00e1rios na capital federal apoiou Bolsonaro. Mas Lula teve importantes aliados no setor Por Samanta Sallum\u00a0 O Distrito Federal se confirmou como reduto bolsonarista no segundo turno da elei\u00e7\u00e3o presidencial. E, nesse resultado, est\u00e1 refletida tamb\u00e9m a prefer\u00eancia do empresariado local. A maioria ajudou e muito nos votos conquistados por Jair Bolsonaro (PL), que alcan\u00e7ou 58,81% dos v\u00e1lidos [&hellip;]<\/p>\n","protected":false},"author":125,"featured_media":10582,"comment_status":"open","ping_status":"open","sticky":false,"template":"","format":"standard","meta":{"footnotes":""},"categories":[6],"tags":[647,955,1165,191,560,64,71],"class_list":["post-10564","post","type-post","status-publish","format-standard","has-post-thumbnail","hentry","category-coluna-capital-s-a","tag-cdl","tag-eleicoes2022","tag-lula","tag-sebraedf","tag-sindiatacadista","tag-cni","tag-fibra"],"_links":{"self":[{"href":"https:\/\/blogs.correiobraziliense.com.br\/capital-sa\/wp-json\/wp\/v2\/posts\/10564","targetHints":{"allow":["GET"]}}],"collection":[{"href":"https:\/\/blogs.correiobraziliense.com.br\/capital-sa\/wp-json\/wp\/v2\/posts"}],"about":[{"href":"https:\/\/blogs.correiobraziliense.com.br\/capital-sa\/wp-json\/wp\/v2\/types\/post"}],"author":[{"embeddable":true,"href":"https:\/\/blogs.correiobraziliense.com.br\/capital-sa\/wp-json\/wp\/v2\/users\/125"}],"replies":[{"embeddable":true,"href":"https:\/\/blogs.correiobraziliense.com.br\/capital-sa\/wp-json\/wp\/v2\/comments?post=10564"}],"version-history":[{"count":15,"href":"https:\/\/blogs.correiobraziliense.com.br\/capital-sa\/wp-json\/wp\/v2\/posts\/10564\/revisions"}],"predecessor-version":[{"id":10584,"href":"https:\/\/blogs.correiobraziliense.com.br\/capital-sa\/wp-json\/wp\/v2\/posts\/10564\/revisions\/10584"}],"wp:featuredmedia":[{"embeddable":true,"href":"https:\/\/blogs.correiobraziliense.com.br\/capital-sa\/wp-json\/wp\/v2\/media\/10582"}],"wp:attachment":[{"href":"https:\/\/blogs.correiobraziliense.com.br\/capital-sa\/wp-json\/wp\/v2\/media?parent=10564"}],"wp:term":[{"taxonomy":"category","embeddable":true,"href":"https:\/\/blogs.correiobraziliense.com.br\/capital-sa\/wp-json\/wp\/v2\/categories?post=10564"},{"taxonomy":"post_tag","embeddable":true,"href":"https:\/\/blogs.correiobraziliense.com.br\/capital-sa\/wp-json\/wp\/v2\/tags?post=10564"}],"curies":[{"name":"wp","href":"https:\/\/api.w.org\/{rel}","templated":true}]}}