{"id":10553,"date":"2022-10-27T16:47:07","date_gmt":"2022-10-27T19:47:07","guid":{"rendered":"https:\/\/blogs.correiobraziliense.com.br\/capital-sa\/?p=10553"},"modified":"2022-10-28T08:59:06","modified_gmt":"2022-10-28T11:59:06","slug":"sesi-lab-sera-inaugurado-em-novembro-no-predio-do-touring","status":"publish","type":"post","link":"https:\/\/blogs.correiobraziliense.com.br\/capital-sa\/2022\/10\/27\/sesi-lab-sera-inaugurado-em-novembro-no-predio-do-touring\/","title":{"rendered":"Sesi Lab ser\u00e1 inaugurado, em novembro, no pr\u00e9dio do Touring"},"content":{"rendered":"<p class=\"p1\"><b>Por Samanta Sallum\u00a0<\/b><\/p>\n<p class=\"p1\"><span class=\"s1\">Arte, ci\u00eancia, tecnologia e educa\u00e7\u00e3o. O Touring Club, ic\u00f4nico edif\u00edcio projetado pelo arquiteto Oscar Niemeyer na constru\u00e7\u00e3o de Bras\u00edlia, vai sediar o Sesi Lab. Depois de passar por restaura\u00e7\u00e3o, o espa\u00e7o ser\u00e1 inaugurado em\u00a0<\/span><span class=\"s2\">30 de novembro<\/span><span class=\"s1\">. O projeto, da Confedera\u00e7\u00e3o Nacional da Ind\u00fastria (CNI), criado para oferecer exposi\u00e7\u00f5es, cursos, filmes e atividades educacionais, recebeu mais de R$ 160 milh\u00f5es em investimentos.<\/span><\/p>\n<p class=\"p1\"><span class=\"s1\"><b>Refer\u00eancia nacional\u00a0<\/b><\/span><\/p>\n<p class=\"p1\"><span class=\"s1\">O lugar, que nasce para ser refer\u00eancia nacional, est\u00e1 sendo comparado ao Museu do Amanh\u00e3, no Rio de Janeiro.<\/span><\/p>\n<blockquote>\n<p class=\"p1\"><span class=\"s1\">\u00a0 &#8220;<\/span><span class=\"s3\">O maior objetivo do Sesi Lab ser\u00e1 despertar o interesse das pessoas por ci\u00eancia e tecnologia a partir de experi\u00eancias e viv\u00eancias. \u00c9 uma iniciativa pioneira no pa\u00eds&#8221;, afirma o presidente da CNI, Robson Braga de Andrade.<\/span><\/p>\n<\/blockquote>\n<p class=\"p1\"><span class=\"s1\"><b>Rodovi\u00e1ria<\/b><\/span><\/p>\n<p class=\"p1\"><span class=\"s1\">A escolha de Bras\u00edlia para ser a sede do projeto passou por um processo de reafirma\u00e7\u00e3o da cidade como capital federal e do seu potencial inclusivo. A proximidade do pr\u00e9dio\u00a0com a Rodovi\u00e1ria foi um fator importante. H\u00e1 um fluxo di\u00e1rio na regi\u00e3o de 60 mil pessoas.\u00a0<\/span><\/p>\n<p class=\"p1\"><span class=\"s1\"><b>Athos Bulc\u00e3o<\/b><\/span><\/p>\n<p class=\"p1\"><span class=\"s1\">Um painel in\u00e9dito de Athos Bulc\u00e3o foi instalado no pr\u00e9dio, que teve a restaura\u00e7\u00e3o coordenada pelo arquiteto Gustavo\u00a0<\/span><span class=\"s1\">Pena.<\/span><\/p>\n<p class=\"p1\"><span class=\"s1\"><b>Disputa<\/b>\u00a0<\/span><\/p>\n<p class=\"p1\"><span class=\"s1\">Bras\u00edlia disputou com outras capitais que queriam tamb\u00e9m sediar o museu tecnol\u00f3gico. O presidente da Fibra no DF, Jorge Jamal Bittar, se empenhou no convencimento junto da CNI para trazer o Sesi Lab. E tamb\u00e9m fez a media\u00e7\u00e3o com o GDF e a C\u00e2mara Legislativa para que fosse poss\u00edvel realizar a parceria com o Sesi nacional. Foi necess\u00e1rio aprovar uma lei local, proposta pela Seduh, para permitir a instala\u00e7\u00e3o do museu no Touring.<br \/>\n<\/span><\/p>\n<blockquote>\n<p class=\"p1\"><span class=\"s1\">&#8220;Foi uma conquista muito importante para o Distrito Federal conseguir trazer esse projeto&#8221;, refor\u00e7a Bittar.<\/span><\/p>\n<\/blockquote>\n","protected":false},"excerpt":{"rendered":"<p>Por Samanta Sallum\u00a0 Arte, ci\u00eancia, tecnologia e educa\u00e7\u00e3o. O Touring Club, ic\u00f4nico edif\u00edcio projetado pelo arquiteto Oscar Niemeyer na constru\u00e7\u00e3o de Bras\u00edlia, vai sediar o Sesi Lab. Depois de passar por restaura\u00e7\u00e3o, o espa\u00e7o ser\u00e1 inaugurado em\u00a030 de novembro. O projeto, da Confedera\u00e7\u00e3o Nacional da Ind\u00fastria (CNI), criado para oferecer exposi\u00e7\u00f5es, cursos, filmes e atividades educacionais, recebeu mais de R$ [&hellip;]<\/p>\n","protected":false},"author":125,"featured_media":10558,"comment_status":"open","ping_status":"open","sticky":false,"template":"","format":"standard","meta":{"footnotes":""},"categories":[6],"tags":[484,1616,369,851,1619,1617,1618,64,33],"class_list":["post-10553","post","type-post","status-publish","format-standard","has-post-thumbnail","hentry","category-coluna-capital-s-a","tag-athosbulcao","tag-ciencia","tag-distritofederal","tag-oscarniemeyer","tag-rodoviaria","tag-sesilab","tag-touring","tag-cni","tag-tecnologia"],"_links":{"self":[{"href":"https:\/\/blogs.correiobraziliense.com.br\/capital-sa\/wp-json\/wp\/v2\/posts\/10553","targetHints":{"allow":["GET"]}}],"collection":[{"href":"https:\/\/blogs.correiobraziliense.com.br\/capital-sa\/wp-json\/wp\/v2\/posts"}],"about":[{"href":"https:\/\/blogs.correiobraziliense.com.br\/capital-sa\/wp-json\/wp\/v2\/types\/post"}],"author":[{"embeddable":true,"href":"https:\/\/blogs.correiobraziliense.com.br\/capital-sa\/wp-json\/wp\/v2\/users\/125"}],"replies":[{"embeddable":true,"href":"https:\/\/blogs.correiobraziliense.com.br\/capital-sa\/wp-json\/wp\/v2\/comments?post=10553"}],"version-history":[{"count":6,"href":"https:\/\/blogs.correiobraziliense.com.br\/capital-sa\/wp-json\/wp\/v2\/posts\/10553\/revisions"}],"predecessor-version":[{"id":10563,"href":"https:\/\/blogs.correiobraziliense.com.br\/capital-sa\/wp-json\/wp\/v2\/posts\/10553\/revisions\/10563"}],"wp:featuredmedia":[{"embeddable":true,"href":"https:\/\/blogs.correiobraziliense.com.br\/capital-sa\/wp-json\/wp\/v2\/media\/10558"}],"wp:attachment":[{"href":"https:\/\/blogs.correiobraziliense.com.br\/capital-sa\/wp-json\/wp\/v2\/media?parent=10553"}],"wp:term":[{"taxonomy":"category","embeddable":true,"href":"https:\/\/blogs.correiobraziliense.com.br\/capital-sa\/wp-json\/wp\/v2\/categories?post=10553"},{"taxonomy":"post_tag","embeddable":true,"href":"https:\/\/blogs.correiobraziliense.com.br\/capital-sa\/wp-json\/wp\/v2\/tags?post=10553"}],"curies":[{"name":"wp","href":"https:\/\/api.w.org\/{rel}","templated":true}]}}