{"id":10545,"date":"2022-10-26T15:19:44","date_gmt":"2022-10-26T18:19:44","guid":{"rendered":"https:\/\/blogs.correiobraziliense.com.br\/capital-sa\/?p=10545"},"modified":"2022-10-28T08:56:00","modified_gmt":"2022-10-28T11:56:00","slug":"numero-de-vagas-temporarias-no-comercio-para-este-natal-sera-o-maior-desde-2013","status":"publish","type":"post","link":"https:\/\/blogs.correiobraziliense.com.br\/capital-sa\/2022\/10\/26\/numero-de-vagas-temporarias-no-comercio-para-este-natal-sera-o-maior-desde-2013\/","title":{"rendered":"N\u00famero de vagas tempor\u00e1rias no com\u00e9rcio, para este Natal, ser\u00e1 o maior desde 2013"},"content":{"rendered":"<p class=\"p1\"><b>Por Samanta Sallum\u00a0<\/b><\/p>\n<p class=\"p1\"><span class=\"s1\">A proje\u00e7\u00e3o da Confedera\u00e7\u00e3o Nacional do Com\u00e9rcio de Bens, Servi\u00e7os e Turismo (CNC) \u00e9 que sejam contratados 109,4 mil trabalhadores tempor\u00e1rios no pa\u00eds para o setor do varejo no per\u00edodo do Natal. Esse n\u00famero \u00e9 apontado como a maior oferta de vagas em nove anos. Em 2013, foram abertos 115,5 mil postos. <\/span><\/p>\n<p class=\"p1\"><span class=\"s1\">Os maiores volumes de contrato devem se concentrar no ramo de hiper e supermercados, no qual a previs\u00e3o \u00e9 de abertura de 45,5 mil vagas tempor\u00e1rias; e no setor de vestu\u00e1rio, 25,8 mil.<\/span><\/p>\n<p class=\"p1\"><span class=\"s1\">A estimativa da CNC \u00e9 que a taxa de efetiva\u00e7\u00e3o seja de 11%, o que representa 3 pontos percentuais a menos do que em 2021.<\/span><\/p>\n<p><b>Por regi\u00f5es\u00a0<\/b><\/p>\n<p class=\"p1\"><span class=\"s1\">Regionalmente, S\u00e3o Paulo (30,3 mil), Minas Gerais (12,2 mil), Paran\u00e1 (8,9 mil) e Rio de Janeiro (8 mil) concentrar\u00e3o 54% da oferta de vagas para o Natal deste ano. <\/span><\/p>\n<p class=\"p1\"><span class=\"s1\">O aumento previsto para as vendas no varejo relativas ao Natal de 2022 \u00e9 estimado em 2,1%.<\/span><\/p>\n<p class=\"p1\"><span class=\"s1\">&#8220;A convers\u00e3o de vagas tempor\u00e1rias em efetivas em 2022 n\u00e3o deve ser t\u00e3o expressiva quanto depois do Natal de 2021, quando chegou a 15%, porque, no ano passado, o varejo ainda estava repondo os postos que haviam sido fechados nas duas primeiras ondas de covid-19&#8221;, pontua o presidente da CNC, Jos\u00e9 Roberto Tadros. <\/span><\/p>\n<p class=\"p1\"><span class=\"s1\">Em 2021, 97 mil trabalhadores tempor\u00e1rios foram contratados, 46% a mais do que o registrado em 2020, o primeiro ano da pandemia. <\/span><\/p>\n","protected":false},"excerpt":{"rendered":"<p>Por Samanta Sallum\u00a0 A proje\u00e7\u00e3o da Confedera\u00e7\u00e3o Nacional do Com\u00e9rcio de Bens, Servi\u00e7os e Turismo (CNC) \u00e9 que sejam contratados 109,4 mil trabalhadores tempor\u00e1rios no pa\u00eds para o setor do varejo no per\u00edodo do Natal. Esse n\u00famero \u00e9 apontado como a maior oferta de vagas em nove anos. Em 2013, foram abertos 115,5 mil postos. Os maiores volumes de contrato [&hellip;]<\/p>\n","protected":false},"author":125,"featured_media":10549,"comment_status":"open","ping_status":"open","sticky":false,"template":"","format":"standard","meta":{"footnotes":""},"categories":[6],"tags":[275,1615,1614,171,10,57],"class_list":["post-10545","post","type-post","status-publish","format-standard","has-post-thumbnail","hentry","category-coluna-capital-s-a","tag-cnc","tag-trabalhadores","tag-vagas","tag-vendas","tag-comercio","tag-natal"],"_links":{"self":[{"href":"https:\/\/blogs.correiobraziliense.com.br\/capital-sa\/wp-json\/wp\/v2\/posts\/10545","targetHints":{"allow":["GET"]}}],"collection":[{"href":"https:\/\/blogs.correiobraziliense.com.br\/capital-sa\/wp-json\/wp\/v2\/posts"}],"about":[{"href":"https:\/\/blogs.correiobraziliense.com.br\/capital-sa\/wp-json\/wp\/v2\/types\/post"}],"author":[{"embeddable":true,"href":"https:\/\/blogs.correiobraziliense.com.br\/capital-sa\/wp-json\/wp\/v2\/users\/125"}],"replies":[{"embeddable":true,"href":"https:\/\/blogs.correiobraziliense.com.br\/capital-sa\/wp-json\/wp\/v2\/comments?post=10545"}],"version-history":[{"count":6,"href":"https:\/\/blogs.correiobraziliense.com.br\/capital-sa\/wp-json\/wp\/v2\/posts\/10545\/revisions"}],"predecessor-version":[{"id":10561,"href":"https:\/\/blogs.correiobraziliense.com.br\/capital-sa\/wp-json\/wp\/v2\/posts\/10545\/revisions\/10561"}],"wp:featuredmedia":[{"embeddable":true,"href":"https:\/\/blogs.correiobraziliense.com.br\/capital-sa\/wp-json\/wp\/v2\/media\/10549"}],"wp:attachment":[{"href":"https:\/\/blogs.correiobraziliense.com.br\/capital-sa\/wp-json\/wp\/v2\/media?parent=10545"}],"wp:term":[{"taxonomy":"category","embeddable":true,"href":"https:\/\/blogs.correiobraziliense.com.br\/capital-sa\/wp-json\/wp\/v2\/categories?post=10545"},{"taxonomy":"post_tag","embeddable":true,"href":"https:\/\/blogs.correiobraziliense.com.br\/capital-sa\/wp-json\/wp\/v2\/tags?post=10545"}],"curies":[{"name":"wp","href":"https:\/\/api.w.org\/{rel}","templated":true}]}}