{"id":10539,"date":"2022-10-26T11:59:25","date_gmt":"2022-10-26T14:59:25","guid":{"rendered":"https:\/\/blogs.correiobraziliense.com.br\/capital-sa\/?p=10539"},"modified":"2022-10-26T13:39:32","modified_gmt":"2022-10-26T16:39:32","slug":"mestre-barbeiro-se-destaca-com-instituto-de-formacao","status":"publish","type":"post","link":"https:\/\/blogs.correiobraziliense.com.br\/capital-sa\/2022\/10\/26\/mestre-barbeiro-se-destaca-com-instituto-de-formacao\/","title":{"rendered":"Mestre barbeiro se destaca com instituto de forma\u00e7\u00e3o"},"content":{"rendered":"<p class=\"p1\"><b>Por Samanta Sallum\u00a0<\/b><\/p>\n<p class=\"p2\"><span class=\"s2\">Jony Rebou\u00e7as, de 36 anos, mestre barbeiro e empres\u00e1rio, dono da Chaplin Barbeer Shop, conta que come\u00e7ou o neg\u00f3cio em 2016,<span class=\"Apple-converted-space\">\u00a0<\/span>uma semana depois de ter sido demitido do emprego anterior. O cearense, formado em Com\u00e9rcio Exterior, mora em Bras\u00edlia h\u00e1 20 anos.<\/span><span class=\"s3\">\u00a0&#8220;Queria criar uma barbearia pensando em melhorar o que eu via de errado, mas que eu j\u00e1 havia frequentado; queria oferecer um servi\u00e7o de qualidade, com bom atendimento e pre\u00e7o justo.&#8221;<\/span><\/p>\n<p class=\"p2\"><span class=\"s2\">Com essa ideia na cabe\u00e7a, Jony, que tamb\u00e9m \u00e9 conselheiro da Associa\u00e7\u00e3o Comercial do Distrito Federal, procurou o Sebrae e o neg\u00f3cio tomou forma. <\/span><\/p>\n<p class=\"p2\"><span class=\"s2\"><b>Vinhos e charutos <\/b><\/span><\/p>\n<p class=\"p2\"><span class=\"s2\">A\u00a0Chaplin Barbeer Shop investiu em servi\u00e7os diferenciados e no ambiente com cafeteria e bar. &#8220;<\/span><span class=\"s3\">Temos chopes e cervejas especiais, vinhos, al\u00e9m de uma linha vasta de produtos de tabacaria e charutos.&#8221;\u00a0<\/span>S\u00e3o duas unidades. Uma na 316 Norte e outra na 116 Sul.<\/p>\n<p><b>Ensinar<\/b><\/p>\n<p class=\"p2\"><span class=\"s2\">O pr\u00f3ximo passo do empres\u00e1rio, com apoio do Sebrae no DF, foi criar o Instituto Jony Mestre Barbeiro, em 2018.<span class=\"Apple-converted-space\">\u00a0 <\/span>Ele qualifica quem se interessa por aprender t\u00e9cnicas da \u00e1rea.<\/span><\/p>\n<p class=\"p2\"><span class=\"s4\"><b>Projeto social<\/b><\/span><\/p>\n<p class=\"p2\"><span class=\"s2\">A paix\u00e3o por ensinar tamb\u00e9m levou o empres\u00e1rio para o empreendedorismo social. H\u00e1 dois anos, desenvolve um projeto no Complexo Penitenci\u00e1rio da Papuda, onde d\u00e1 curso de barbeiro aos detentos toda segunda-feira. <\/span><\/p>\n<p class=\"p2\"><span class=\"s3\">&#8220;Foi uma forma de eu conseguir retribuir todo o acesso que tive \u00e0 educa\u00e7\u00e3o na \u00e1rea da beleza, uma \u00e1rea que transforma vidas, e na qual se colhem bons frutos se trabalhar bastante.&#8221;<\/span><\/p>\n","protected":false},"excerpt":{"rendered":"<p>Por Samanta Sallum\u00a0 Jony Rebou\u00e7as, de 36 anos, mestre barbeiro e empres\u00e1rio, dono da Chaplin Barbeer Shop, conta que come\u00e7ou o neg\u00f3cio em 2016,\u00a0uma semana depois de ter sido demitido do emprego anterior. O cearense, formado em Com\u00e9rcio Exterior, mora em Bras\u00edlia h\u00e1 20 anos.\u00a0&#8220;Queria criar uma barbearia pensando em melhorar o que eu via de errado, mas que eu [&hellip;]<\/p>\n","protected":false},"author":125,"featured_media":10542,"comment_status":"open","ping_status":"open","sticky":false,"template":"","format":"standard","meta":{"footnotes":""},"categories":[6],"tags":[1612,1613,1491,191],"class_list":["post-10539","post","type-post","status-publish","format-standard","has-post-thumbnail","hentry","category-coluna-capital-s-a","tag-barbeiro","tag-jonyreboucas-chaplinbarbeershop","tag-projetosocial","tag-sebraedf"],"_links":{"self":[{"href":"https:\/\/blogs.correiobraziliense.com.br\/capital-sa\/wp-json\/wp\/v2\/posts\/10539","targetHints":{"allow":["GET"]}}],"collection":[{"href":"https:\/\/blogs.correiobraziliense.com.br\/capital-sa\/wp-json\/wp\/v2\/posts"}],"about":[{"href":"https:\/\/blogs.correiobraziliense.com.br\/capital-sa\/wp-json\/wp\/v2\/types\/post"}],"author":[{"embeddable":true,"href":"https:\/\/blogs.correiobraziliense.com.br\/capital-sa\/wp-json\/wp\/v2\/users\/125"}],"replies":[{"embeddable":true,"href":"https:\/\/blogs.correiobraziliense.com.br\/capital-sa\/wp-json\/wp\/v2\/comments?post=10539"}],"version-history":[{"count":4,"href":"https:\/\/blogs.correiobraziliense.com.br\/capital-sa\/wp-json\/wp\/v2\/posts\/10539\/revisions"}],"predecessor-version":[{"id":10544,"href":"https:\/\/blogs.correiobraziliense.com.br\/capital-sa\/wp-json\/wp\/v2\/posts\/10539\/revisions\/10544"}],"wp:featuredmedia":[{"embeddable":true,"href":"https:\/\/blogs.correiobraziliense.com.br\/capital-sa\/wp-json\/wp\/v2\/media\/10542"}],"wp:attachment":[{"href":"https:\/\/blogs.correiobraziliense.com.br\/capital-sa\/wp-json\/wp\/v2\/media?parent=10539"}],"wp:term":[{"taxonomy":"category","embeddable":true,"href":"https:\/\/blogs.correiobraziliense.com.br\/capital-sa\/wp-json\/wp\/v2\/categories?post=10539"},{"taxonomy":"post_tag","embeddable":true,"href":"https:\/\/blogs.correiobraziliense.com.br\/capital-sa\/wp-json\/wp\/v2\/tags?post=10539"}],"curies":[{"name":"wp","href":"https:\/\/api.w.org\/{rel}","templated":true}]}}