{"id":10506,"date":"2022-10-24T11:01:57","date_gmt":"2022-10-24T14:01:57","guid":{"rendered":"https:\/\/blogs.correiobraziliense.com.br\/capital-sa\/?p=10506"},"modified":"2022-10-24T17:14:41","modified_gmt":"2022-10-24T20:14:41","slug":"no-dia-da-construcao-civil-ibaneis-entregara-escrituras-do-pro-df-ao-setor","status":"publish","type":"post","link":"https:\/\/blogs.correiobraziliense.com.br\/capital-sa\/2022\/10\/24\/no-dia-da-construcao-civil-ibaneis-entregara-escrituras-do-pro-df-ao-setor\/","title":{"rendered":"No Dia da Constru\u00e7\u00e3o Civil, Ibaneis entregar\u00e1 escrituras do Pr\u00f3-DF ao setor"},"content":{"rendered":"<p class=\"p1\"><b>Por Samanta Sallum\u00a0<\/b><\/p>\n<p class=\"p1\"><span class=\"s1\">A pr\u00f3xima reuni\u00e3o de diretoria do Sinduscon-DF ter\u00e1 uma programa\u00e7\u00e3o especial em celebra\u00e7\u00e3o ao Dia da Constru\u00e7\u00e3o Civil. O evento ser\u00e1 amanh\u00e3, ter\u00e7a-feira, no audit\u00f3rio da entidade, a partir das 9h30, com a presen\u00e7a do governador Ibaneis Rocha.<\/span><\/p>\n<p class=\"p1\"><span class=\"s1\">Ele entregar\u00e1 documentos relacionados ao Pr\u00f3-DF. E, especialmente, o contrato de concess\u00e3o de uso de um terreno no SIA para o Sinduscon.<\/span><\/p>\n<p class=\"p1\"><span class=\"s1\"><b>Uma d\u00e9cada de espera <\/b><\/span><\/p>\n<p class=\"p1\"><span class=\"s1\">Ao todo, ser\u00e3o entregues 12 escrituras do Pr\u00f3-DF; quatro contratos de concess\u00e3o do Pr\u00f3-DF, incluindo o do Sinduscon-DF e quatro escrituras do programa Desenvolve-DF. Alguns processos, assim como o do sindicato, tramitavam h\u00e1 mais de 10 anos.<\/span><\/p>\n<p class=\"p1\"><span class=\"s1\"><b>Centro de forma\u00e7\u00e3o <\/b><\/span><\/p>\n<p class=\"p1\"><span class=\"s1\">\u201cAp\u00f3s aguardarmos 13 anos, vamos buscar implantar algo que valorize o SIA, como um centro de forma\u00e7\u00e3o em parceria com o Senai, para colaborar na capacita\u00e7\u00e3o de m\u00e3o de obra para a constru\u00e7\u00e3o civil\u201d, explica o presidente do Sinduscon, Dionyzio Klavdianos.<\/span><\/p>\n<p class=\"p1\"><span class=\"s1\"><b>Terracap <\/b><\/span><\/p>\n<p class=\"p1\"><span class=\"s1\">O presidente da Terracap, Izidio Santos; o diretor de Regulariza\u00e7\u00e3o Social e Desenvolvimento Econ\u00f4mico da Terracap, Leonardo Mundim; o diretor t\u00e9cnico da Terracap, Hamilton Louren\u00e7o; secret\u00e1rios de estado e presidentes de entidades do setor estar\u00e3o presentes \u00e0 solenidade.<\/span><\/p>\n","protected":false},"excerpt":{"rendered":"<p>Por Samanta Sallum\u00a0 A pr\u00f3xima reuni\u00e3o de diretoria do Sinduscon-DF ter\u00e1 uma programa\u00e7\u00e3o especial em celebra\u00e7\u00e3o ao Dia da Constru\u00e7\u00e3o Civil. O evento ser\u00e1 amanh\u00e3, ter\u00e7a-feira, no audit\u00f3rio da entidade, a partir das 9h30, com a presen\u00e7a do governador Ibaneis Rocha. Ele entregar\u00e1 documentos relacionados ao Pr\u00f3-DF. E, especialmente, o contrato de concess\u00e3o de uso de um terreno no SIA [&hellip;]<\/p>\n","protected":false},"author":125,"featured_media":10511,"comment_status":"open","ping_status":"open","sticky":false,"template":"","format":"standard","meta":{"footnotes":""},"categories":[6],"tags":[1605,642,578,1022,1604,1057],"class_list":["post-10506","post","type-post","status-publish","format-standard","has-post-thumbnail","hentry","category-coluna-capital-s-a","tag-diadaconstrucaocivil","tag-ibaneisrocha","tag-pro-df","tag-sinduscon","tag-solenidade","tag-terracap"],"_links":{"self":[{"href":"https:\/\/blogs.correiobraziliense.com.br\/capital-sa\/wp-json\/wp\/v2\/posts\/10506","targetHints":{"allow":["GET"]}}],"collection":[{"href":"https:\/\/blogs.correiobraziliense.com.br\/capital-sa\/wp-json\/wp\/v2\/posts"}],"about":[{"href":"https:\/\/blogs.correiobraziliense.com.br\/capital-sa\/wp-json\/wp\/v2\/types\/post"}],"author":[{"embeddable":true,"href":"https:\/\/blogs.correiobraziliense.com.br\/capital-sa\/wp-json\/wp\/v2\/users\/125"}],"replies":[{"embeddable":true,"href":"https:\/\/blogs.correiobraziliense.com.br\/capital-sa\/wp-json\/wp\/v2\/comments?post=10506"}],"version-history":[{"count":5,"href":"https:\/\/blogs.correiobraziliense.com.br\/capital-sa\/wp-json\/wp\/v2\/posts\/10506\/revisions"}],"predecessor-version":[{"id":10518,"href":"https:\/\/blogs.correiobraziliense.com.br\/capital-sa\/wp-json\/wp\/v2\/posts\/10506\/revisions\/10518"}],"wp:featuredmedia":[{"embeddable":true,"href":"https:\/\/blogs.correiobraziliense.com.br\/capital-sa\/wp-json\/wp\/v2\/media\/10511"}],"wp:attachment":[{"href":"https:\/\/blogs.correiobraziliense.com.br\/capital-sa\/wp-json\/wp\/v2\/media?parent=10506"}],"wp:term":[{"taxonomy":"category","embeddable":true,"href":"https:\/\/blogs.correiobraziliense.com.br\/capital-sa\/wp-json\/wp\/v2\/categories?post=10506"},{"taxonomy":"post_tag","embeddable":true,"href":"https:\/\/blogs.correiobraziliense.com.br\/capital-sa\/wp-json\/wp\/v2\/tags?post=10506"}],"curies":[{"name":"wp","href":"https:\/\/api.w.org\/{rel}","templated":true}]}}