{"id":10497,"date":"2022-10-24T07:43:44","date_gmt":"2022-10-24T10:43:44","guid":{"rendered":"https:\/\/blogs.correiobraziliense.com.br\/capital-sa\/?p=10497"},"modified":"2022-10-24T17:09:08","modified_gmt":"2022-10-24T20:09:08","slug":"distribuidoras-do-setor-farmaceutico-criam-a-rede-integracao","status":"publish","type":"post","link":"https:\/\/blogs.correiobraziliense.com.br\/capital-sa\/2022\/10\/24\/distribuidoras-do-setor-farmaceutico-criam-a-rede-integracao\/","title":{"rendered":"Distribuidoras do setor farmac\u00eautico criam a Rede Integra\u00e7\u00e3o"},"content":{"rendered":"<p class=\"p1\"><b>Por Samanta Sallum\u00a0<\/b><\/p>\n<p class=\"p1\"><span class=\"s1\">Entre as 12 empresas que participam, est\u00e1 uma de Bras\u00edlia. O grupo rec\u00e9m-criado comp\u00f5e o mais novo <i>player<\/i> do atacado farmac\u00eautico brasileiro, a Rede Integra\u00e7\u00e3o Farma. As opera\u00e7\u00f5es foram iniciadas na semana passada, em evento na capital paulista. A rede re\u00fane<span class=\"Apple-converted-space\">\u00a0<\/span>as principais distribuidoras regionais do pa\u00eds, que movimentam 108 milh\u00f5es de unidades por ano.<\/span><\/p>\n<p class=\"p1\"><span class=\"s1\"><b>LinkMed do DF em destaque <\/b><\/span><\/p>\n<p class=\"p1\"><span class=\"s1\">A Integra\u00e7\u00e3o Farma tem entre as<span class=\"Apple-converted-space\">\u00a0<\/span>fundadoras a LinkMed, do empres\u00e1rio brasiliense \u00c1lvaro Silveira. Participam tamb\u00e9m marcas de SP, SC, RO, RJ, SP e AM. A rede j\u00e1 nasce vigorosa, somando 1.108 funcion\u00e1rios e colaboradores distribu\u00eddos por 16 estados de todas as regi\u00f5es do Brasil e pelo Distrito Federal. <\/span><\/p>\n<p class=\"p1\"><span class=\"s1\"><b>Uni\u00e3o empresarial<\/b><\/span><\/p>\n<p class=\"p1\"><span class=\"s1\">\u201cEu acredito que os empres\u00e1rios devem se unir. A concorr\u00eancia n\u00e3o pode atrapalhar os resultados positivos que uma uni\u00e3o dessas propicia. Vamos ter mais poder de negocia\u00e7\u00e3o com os fornecedores da ind\u00fastria e tamb\u00e9m ser\u00e1 bom<span class=\"Apple-converted-space\">\u00a0<\/span>trocar expertise entre n\u00f3s. E, assim, tamb\u00e9m ajudamos o pequeno varejo. S\u00e3o os atacadistas que fomentam o pequeno com\u00e9rcio\u201d, explica \u00c1lvaro Silveira Jr, que \u00e9 presidente do SindiAtacadista do DF.<\/span><\/p>\n<p><img loading=\"lazy\" decoding=\"async\" class=\"aligncenter size-full wp-image-10504\" src=\"https:\/\/blogs.correiobraziliense.com.br\/capital-sa\/wp-content\/uploads\/sites\/59\/2022\/10\/393B733A-8CA5-4B87-827F-B0494EB4442D.jpeg\" alt=\"\" width=\"234\" height=\"215\" srcset=\"https:\/\/blogs.correiobraziliense.com.br\/capital-sa\/wp-content\/uploads\/sites\/59\/2022\/10\/393B733A-8CA5-4B87-827F-B0494EB4442D.jpeg 234w, https:\/\/blogs.correiobraziliense.com.br\/capital-sa\/wp-content\/uploads\/sites\/59\/2022\/10\/393B733A-8CA5-4B87-827F-B0494EB4442D-230x211.jpeg 230w\" sizes=\"auto, (max-width: 234px) 100vw, 234px\" \/><\/p>\n<p class=\"p1\"><span class=\"s1\"><b>Pontos de venda <\/b><\/span><\/p>\n<p class=\"p1\"><span class=\"s1\">As empresas atendem mais de 41 mil farm\u00e1cias, o equivalente a 46% do n\u00famero de pontos de venda do setor.\u00a0<\/span>As distribuidoras viabilizam o acesso de 4.229 munic\u00edpios brasileiros, formando uma cobertura geogr\u00e1fica de 76%.<\/p>\n","protected":false},"excerpt":{"rendered":"<p>Por Samanta Sallum\u00a0 Entre as 12 empresas que participam, est\u00e1 uma de Bras\u00edlia. O grupo rec\u00e9m-criado comp\u00f5e o mais novo player do atacado farmac\u00eautico brasileiro, a Rede Integra\u00e7\u00e3o Farma. As opera\u00e7\u00f5es foram iniciadas na semana passada, em evento na capital paulista. A rede re\u00fane\u00a0as principais distribuidoras regionais do pa\u00eds, que movimentam 108 milh\u00f5es de unidades por ano. LinkMed do DF [&hellip;]<\/p>\n","protected":false},"author":125,"featured_media":10503,"comment_status":"open","ping_status":"open","sticky":false,"template":"","format":"standard","meta":{"footnotes":""},"categories":[6],"tags":[1602,753,1600,1601,1603],"class_list":["post-10497","post","type-post","status-publish","format-standard","has-post-thumbnail","hentry","category-coluna-capital-s-a","tag-farmaceutica","tag-farmacias","tag-linkmed","tag-rede","tag-redeintegracaofarma"],"_links":{"self":[{"href":"https:\/\/blogs.correiobraziliense.com.br\/capital-sa\/wp-json\/wp\/v2\/posts\/10497","targetHints":{"allow":["GET"]}}],"collection":[{"href":"https:\/\/blogs.correiobraziliense.com.br\/capital-sa\/wp-json\/wp\/v2\/posts"}],"about":[{"href":"https:\/\/blogs.correiobraziliense.com.br\/capital-sa\/wp-json\/wp\/v2\/types\/post"}],"author":[{"embeddable":true,"href":"https:\/\/blogs.correiobraziliense.com.br\/capital-sa\/wp-json\/wp\/v2\/users\/125"}],"replies":[{"embeddable":true,"href":"https:\/\/blogs.correiobraziliense.com.br\/capital-sa\/wp-json\/wp\/v2\/comments?post=10497"}],"version-history":[{"count":8,"href":"https:\/\/blogs.correiobraziliense.com.br\/capital-sa\/wp-json\/wp\/v2\/posts\/10497\/revisions"}],"predecessor-version":[{"id":10516,"href":"https:\/\/blogs.correiobraziliense.com.br\/capital-sa\/wp-json\/wp\/v2\/posts\/10497\/revisions\/10516"}],"wp:featuredmedia":[{"embeddable":true,"href":"https:\/\/blogs.correiobraziliense.com.br\/capital-sa\/wp-json\/wp\/v2\/media\/10503"}],"wp:attachment":[{"href":"https:\/\/blogs.correiobraziliense.com.br\/capital-sa\/wp-json\/wp\/v2\/media?parent=10497"}],"wp:term":[{"taxonomy":"category","embeddable":true,"href":"https:\/\/blogs.correiobraziliense.com.br\/capital-sa\/wp-json\/wp\/v2\/categories?post=10497"},{"taxonomy":"post_tag","embeddable":true,"href":"https:\/\/blogs.correiobraziliense.com.br\/capital-sa\/wp-json\/wp\/v2\/tags?post=10497"}],"curies":[{"name":"wp","href":"https:\/\/api.w.org\/{rel}","templated":true}]}}