{"id":10489,"date":"2022-10-24T01:06:43","date_gmt":"2022-10-24T04:06:43","guid":{"rendered":"https:\/\/blogs.correiobraziliense.com.br\/capital-sa\/?p=10489"},"modified":"2022-10-24T17:03:06","modified_gmt":"2022-10-24T20:03:06","slug":"com-eureka-day-iesb-premia-projetos-inovadores-de-alunos","status":"publish","type":"post","link":"https:\/\/blogs.correiobraziliense.com.br\/capital-sa\/2022\/10\/24\/com-eureka-day-iesb-premia-projetos-inovadores-de-alunos\/","title":{"rendered":"Com Eureka Day, Iesb premia projetos inovadores de alunos"},"content":{"rendered":"<p class=\"p1\"><span class=\"s1\"><b>Por Samanta Sallum <\/b><\/span><\/p>\n<p class=\"p1\"><span class=\"s1\">O Centro Universit\u00e1rio Iesb promoveu o Eureka Day. Um concurso in\u00e9dito para incentivar alunos do ensino m\u00e9dio do DF\u00a0<\/span><span class=\"s1\">de gradua\u00e7\u00e3o da universidade a apresentarem projetos, produtos ou ideias criativas e inovadoras, ampliando o curr\u00edculo e o portf\u00f3lio.<\/span><\/p>\n<p class=\"p1\"><span class=\"s1\">Nesta primeira edi\u00e7\u00e3o, que deu in\u00edcio \u00e0s comemora\u00e7\u00f5es dos 25 anos do Iesb, o concurso contou com 88 projetos inscritos e a participa\u00e7\u00e3o de mais de 300 estudantes<\/span><span class=\"s2\">.<br \/>\n<\/span><\/p>\n<p class=\"p1\"><span class=\"s2\">\u201c\u00c9 muito importante envolvermos as universidades no processo de est\u00edmulo \u00e0 criatividade e inova\u00e7\u00e3o. Tivemos projetos brilhantes e estamos orgulhosos com o resultado<\/span><span class=\"s1\">\u201d, destacou a professora Eda Machado, fundadora do Iesb.<\/span><\/p>\n<p class=\"p1\"><span class=\"s1\">A abertura do evento contou ainda com a palestra Inova Sebrae.\u00a0<\/span>Na categoria Gradua\u00e7\u00e3o, os vencedores foram:<\/p>\n<p class=\"p1\"><span class=\"s1\">\u2022 <b>1\u00ba lugar: <\/b>Alfabetiza\u00e7\u00e3o em portugu\u00eas como segunda l\u00edngua para crian\u00e7as surdas; projeto de Beatriz Campos Cruz e Davi Dias da Silva Cruz, alunos dos cursos de Cinema e Jogos Digitais.<\/span><\/p>\n<p class=\"p1\"><span class=\"s1\">\u2022<b> 2\u00ba lugar<\/b>: Ponto de \u00f4nibus reciclado e sustent\u00e1vel, projeto de Ludmilla Maria Mendes Leal Moreira, aluna do curso de Arquitetura.<\/span><\/p>\n<p class=\"p1\"><span class=\"s1\">\u2022 <b>3\u00ba lugar: <\/b>S.A.H.U \u2013 Sistema de horta hidrop\u00f4nica compacto pensado para ambientes urbanos, de Marcos Paulo Rodrigues de Novais, curso de Engenharia El\u00e9trica.<\/span><\/p>\n<p class=\"p1\"><span class=\"s1\">Os vencedores receberam as seguintes premia\u00e7\u00f5es: 1\u00ba lugar: R$ 3.000,00 (tr\u00eas mil reais); 2\u00ba lugar: R$ 2.000,00 (dois mil reais); e 3\u00ba lugar: R$ 1.000,00 (Um mil reais).<\/span><\/p>\n<p class=\"p1\">\n","protected":false},"excerpt":{"rendered":"<p>Por Samanta Sallum O Centro Universit\u00e1rio Iesb promoveu o Eureka Day. Um concurso in\u00e9dito para incentivar alunos do ensino m\u00e9dio do DF\u00a0de gradua\u00e7\u00e3o da universidade a apresentarem projetos, produtos ou ideias criativas e inovadoras, ampliando o curr\u00edculo e o portf\u00f3lio. Nesta primeira edi\u00e7\u00e3o, que deu in\u00edcio \u00e0s comemora\u00e7\u00f5es dos 25 anos do Iesb, o concurso contou com 88 projetos inscritos [&hellip;]<\/p>\n","protected":false},"author":125,"featured_media":10512,"comment_status":"open","ping_status":"open","sticky":false,"template":"","format":"standard","meta":{"footnotes":""},"categories":[6],"tags":[1598,1599,137,1546],"class_list":["post-10489","post","type-post","status-publish","format-standard","has-post-thumbnail","hentry","category-coluna-capital-s-a","tag-concurso","tag-eurekaday","tag-iesb","tag-projetos"],"_links":{"self":[{"href":"https:\/\/blogs.correiobraziliense.com.br\/capital-sa\/wp-json\/wp\/v2\/posts\/10489","targetHints":{"allow":["GET"]}}],"collection":[{"href":"https:\/\/blogs.correiobraziliense.com.br\/capital-sa\/wp-json\/wp\/v2\/posts"}],"about":[{"href":"https:\/\/blogs.correiobraziliense.com.br\/capital-sa\/wp-json\/wp\/v2\/types\/post"}],"author":[{"embeddable":true,"href":"https:\/\/blogs.correiobraziliense.com.br\/capital-sa\/wp-json\/wp\/v2\/users\/125"}],"replies":[{"embeddable":true,"href":"https:\/\/blogs.correiobraziliense.com.br\/capital-sa\/wp-json\/wp\/v2\/comments?post=10489"}],"version-history":[{"count":8,"href":"https:\/\/blogs.correiobraziliense.com.br\/capital-sa\/wp-json\/wp\/v2\/posts\/10489\/revisions"}],"predecessor-version":[{"id":10514,"href":"https:\/\/blogs.correiobraziliense.com.br\/capital-sa\/wp-json\/wp\/v2\/posts\/10489\/revisions\/10514"}],"wp:featuredmedia":[{"embeddable":true,"href":"https:\/\/blogs.correiobraziliense.com.br\/capital-sa\/wp-json\/wp\/v2\/media\/10512"}],"wp:attachment":[{"href":"https:\/\/blogs.correiobraziliense.com.br\/capital-sa\/wp-json\/wp\/v2\/media?parent=10489"}],"wp:term":[{"taxonomy":"category","embeddable":true,"href":"https:\/\/blogs.correiobraziliense.com.br\/capital-sa\/wp-json\/wp\/v2\/categories?post=10489"},{"taxonomy":"post_tag","embeddable":true,"href":"https:\/\/blogs.correiobraziliense.com.br\/capital-sa\/wp-json\/wp\/v2\/tags?post=10489"}],"curies":[{"name":"wp","href":"https:\/\/api.w.org\/{rel}","templated":true}]}}