{"id":10455,"date":"2022-10-19T18:54:50","date_gmt":"2022-10-19T21:54:50","guid":{"rendered":"https:\/\/blogs.correiobraziliense.com.br\/capital-sa\/?p=10455"},"modified":"2022-10-20T22:36:28","modified_gmt":"2022-10-21T01:36:28","slug":"edison-garcia-da-ceb-assume-presidencia-do-comite-de-auditoria-da-petrobras","status":"publish","type":"post","link":"https:\/\/blogs.correiobraziliense.com.br\/capital-sa\/2022\/10\/19\/edison-garcia-da-ceb-assume-presidencia-do-comite-de-auditoria-da-petrobras\/","title":{"rendered":"Edison Garcia, da CEB, assume presid\u00eancia do Comit\u00ea de Auditoria da Petrobras"},"content":{"rendered":"<p class=\"p1\"><b>Por Samanta Sallum\u00a0<\/b><\/p>\n<p class=\"p1\"><span class=\"s1\">Edison Garcia est\u00e1 se confirmando como um executivo de miss\u00f5es espinhosas. Ele, que j\u00e1 faz parte do Conselho de Administra\u00e7\u00e3o da Petrobras, foi agora eleito presidente da Comiss\u00e3o de Auditoria Estatut\u00e1ria da Petrobras (CAE). Com as novas fun\u00e7\u00f5es, Garcia acumula responsabilidades, j\u00e1 que tamb\u00e9m \u00e9 presidente da CEB Holding. Vale lembrar que ele conduziu todo o processo de leil\u00e3o da CEB Distribuidora, h\u00e1 1 ano e meio, que rendeu alt\u00edssimos dividendos para a empresa e para o GDF.<\/span><\/p>\n<p class=\"p1\"><span class=\"s1\"><b>Gest\u00e3o de riscos <\/b><\/span><\/p>\n<p class=\"p1\"><span class=\"s1\">A Comiss\u00e3o de Auditoria da Petrobras \u00e9 respons\u00e1vel, principalmente, por fiscalizar o trabalho dos auditores externos. O foco \u00e9 a an\u00e1lise de gest\u00e3o de riscos. No manual, h\u00e1 500 itens de risco que devem ser observados de perto, desde quest\u00f5es ligadas \u00e0 preserva\u00e7\u00e3o do meio ambiente at\u00e9 os danos de imagem da empresa. <\/span><\/p>\n<p class=\"p1\"><span class=\"s1\"><b>Bolsa de Valores <\/b><\/span><\/p>\n<p class=\"p1\"><span class=\"s1\">Garcia foi eleito, por unanimidade, pelos 10 membros do Conselho de Administra\u00e7\u00e3o. A atua\u00e7\u00e3o do comit\u00ea \u00e9 observada pela Bolsa de Valores americana, para dar mais seguran\u00e7a aos investidores internacionais.<\/span><\/p>\n<p class=\"p1\"><span class=\"s1\"><b>Novo plano <\/b><\/span><\/p>\n<p class=\"p1\"><span class=\"s1\">Est\u00e1 sendo definido o novo plano interno do comit\u00ea. Ou seja, o que deve ser mais fiscalizado de perto dentro do total de itens de risco da empresa. <\/span><\/p>\n<p class=\"p1\"><span class=\"s1\"><b>Fraudes corporativas <\/b><\/span><\/p>\n<p class=\"p1\"><span class=\"s1\">Uma das\u00a0miss\u00f5es do comit\u00ea, por exemplo, \u00e9\u00a0impedir que casos como da Enron nos EUA se repitam. Este entrou para a hist\u00f3ria empresarial como uma das maiores fraudes corporativas. A Enron, que explorava g\u00e1s natural e atuava na produ\u00e7\u00e3o de energia, criou uma ilus\u00e3o cont\u00e1bil que falseava a real situa\u00e7\u00e3o. A empresa de auditoria externa Arthur Andersen ajudou a sustentar a fraude da Enron, que acabou indo \u00e0 fal\u00eancia depois e levou \u00e0 pris\u00e3o executivos da empresa em 2006. <\/span><\/p>\n<p class=\"p1\"><span class=\"s1\"><b>Na pauta eleitoral <\/b><\/span><\/p>\n<p class=\"p1\"><span class=\"s1\">Os esc\u00e2ndalos envolvendo o nome da Petrobras e suas gest\u00f5es no tempo est\u00e3o no cerne da pauta eleitoral no momento na disputa entre<span class=\"Apple-converted-space\">\u00a0 <\/span>Bolsonaro e Lula. Ent\u00e3o, todo cuidado \u00e9 pouco.<\/span><\/p>\n","protected":false},"excerpt":{"rendered":"<p>Por Samanta Sallum\u00a0 Edison Garcia est\u00e1 se confirmando como um executivo de miss\u00f5es espinhosas. Ele, que j\u00e1 faz parte do Conselho de Administra\u00e7\u00e3o da Petrobras, foi agora eleito presidente da Comiss\u00e3o de Auditoria Estatut\u00e1ria da Petrobras (CAE). Com as novas fun\u00e7\u00f5es, Garcia acumula responsabilidades, j\u00e1 que tamb\u00e9m \u00e9 presidente da CEB Holding. Vale lembrar que ele conduziu todo o processo [&hellip;]<\/p>\n","protected":false},"author":125,"featured_media":10458,"comment_status":"open","ping_status":"open","sticky":false,"template":"","format":"standard","meta":{"footnotes":""},"categories":[6],"tags":[1593,107,1592,726],"class_list":["post-10455","post","type-post","status-publish","format-standard","has-post-thumbnail","hentry","category-coluna-capital-s-a","tag-cae","tag-ceb","tag-edisongarcia","tag-eleicoes"],"_links":{"self":[{"href":"https:\/\/blogs.correiobraziliense.com.br\/capital-sa\/wp-json\/wp\/v2\/posts\/10455","targetHints":{"allow":["GET"]}}],"collection":[{"href":"https:\/\/blogs.correiobraziliense.com.br\/capital-sa\/wp-json\/wp\/v2\/posts"}],"about":[{"href":"https:\/\/blogs.correiobraziliense.com.br\/capital-sa\/wp-json\/wp\/v2\/types\/post"}],"author":[{"embeddable":true,"href":"https:\/\/blogs.correiobraziliense.com.br\/capital-sa\/wp-json\/wp\/v2\/users\/125"}],"replies":[{"embeddable":true,"href":"https:\/\/blogs.correiobraziliense.com.br\/capital-sa\/wp-json\/wp\/v2\/comments?post=10455"}],"version-history":[{"count":5,"href":"https:\/\/blogs.correiobraziliense.com.br\/capital-sa\/wp-json\/wp\/v2\/posts\/10455\/revisions"}],"predecessor-version":[{"id":10471,"href":"https:\/\/blogs.correiobraziliense.com.br\/capital-sa\/wp-json\/wp\/v2\/posts\/10455\/revisions\/10471"}],"wp:featuredmedia":[{"embeddable":true,"href":"https:\/\/blogs.correiobraziliense.com.br\/capital-sa\/wp-json\/wp\/v2\/media\/10458"}],"wp:attachment":[{"href":"https:\/\/blogs.correiobraziliense.com.br\/capital-sa\/wp-json\/wp\/v2\/media?parent=10455"}],"wp:term":[{"taxonomy":"category","embeddable":true,"href":"https:\/\/blogs.correiobraziliense.com.br\/capital-sa\/wp-json\/wp\/v2\/categories?post=10455"},{"taxonomy":"post_tag","embeddable":true,"href":"https:\/\/blogs.correiobraziliense.com.br\/capital-sa\/wp-json\/wp\/v2\/tags?post=10455"}],"curies":[{"name":"wp","href":"https:\/\/api.w.org\/{rel}","templated":true}]}}