{"id":10444,"date":"2022-10-19T15:12:08","date_gmt":"2022-10-19T18:12:08","guid":{"rendered":"https:\/\/blogs.correiobraziliense.com.br\/capital-sa\/?p=10444"},"modified":"2022-10-20T22:37:06","modified_gmt":"2022-10-21T01:37:06","slug":"em-defesa-de-gilvan-ibaneis-alfineta-rollemberg-para-empresarios","status":"publish","type":"post","link":"https:\/\/blogs.correiobraziliense.com.br\/capital-sa\/2022\/10\/19\/em-defesa-de-gilvan-ibaneis-alfineta-rollemberg-para-empresarios\/","title":{"rendered":"Em defesa de Gilvan, Ibaneis alfineta Rollemberg para empres\u00e1rios"},"content":{"rendered":"<p class=\"p1\"><b>Por Samanta Sallum\u00a0<\/b><\/p>\n<p class=\"p1\"><span class=\"s1\">O governador Ibaneis Rocha, ao elogiar o entusiasmo do Gilvan M\u00e1ximo como animador de audit\u00f3rio, disparou: \u201cRollemberg n\u00e3o vai tomar seu lugar, n\u00e3o. Voc\u00ea vai ficar onde merece, que \u00e9 l\u00e1 na C\u00e2mara Federal\u201d.<br \/>\n<\/span><\/p>\n<p class=\"p1\"><span class=\"s1\">O PSB est\u00e1 pedindo ao TRE para rever a equa\u00e7\u00e3o que define as vagas. Apesar de ter sido o<span class=\"Apple-converted-space\">\u00a0<\/span>7o mais votado, Rollemberg, que \u00e9 do PSB, ficou de fora. Gilvan, que foi secret\u00e1rio de Ci\u00eancia e Tecnologia do GDF, teve 20.923 votos para deputado federal e pegou a oitava vaga da bancada do DF. Rollemberg teve mais que o dobro, passando de 50 mil votos. Mas ficou de fora.<\/span><\/p>\n<p>Ibaneis (MDB) e Gilvan (Republicanos) participaram do evento Pr\u00f3-Bolsonaro, que reuniu 1 mil empres\u00e1rios no DF, na segunda-feira. Gilvan foi um dos que discursou e, de forma eloquente, pedindo votos para Bolsonaro. Ibaneis, que falou depois dele, para o p\u00fablico reunido no Unique Palace, elogiou a performance de Gilvan no palco.<\/p>\n","protected":false},"excerpt":{"rendered":"<p>Por Samanta Sallum\u00a0 O governador Ibaneis Rocha, ao elogiar o entusiasmo do Gilvan M\u00e1ximo como animador de audit\u00f3rio, disparou: \u201cRollemberg n\u00e3o vai tomar seu lugar, n\u00e3o. Voc\u00ea vai ficar onde merece, que \u00e9 l\u00e1 na C\u00e2mara Federal\u201d. O PSB est\u00e1 pedindo ao TRE para rever a equa\u00e7\u00e3o que define as vagas. Apesar de ter sido o\u00a07o mais votado, Rollemberg, que [&hellip;]<\/p>\n","protected":false},"author":125,"featured_media":10447,"comment_status":"open","ping_status":"open","sticky":false,"template":"","format":"standard","meta":{"footnotes":""},"categories":[6],"tags":[161,1591,1594,70],"class_list":["post-10444","post","type-post","status-publish","format-standard","has-post-thumbnail","hentry","category-coluna-capital-s-a","tag-empresarios","tag-gilvanmaximo","tag-rollemberg","tag-ibaneis"],"_links":{"self":[{"href":"https:\/\/blogs.correiobraziliense.com.br\/capital-sa\/wp-json\/wp\/v2\/posts\/10444","targetHints":{"allow":["GET"]}}],"collection":[{"href":"https:\/\/blogs.correiobraziliense.com.br\/capital-sa\/wp-json\/wp\/v2\/posts"}],"about":[{"href":"https:\/\/blogs.correiobraziliense.com.br\/capital-sa\/wp-json\/wp\/v2\/types\/post"}],"author":[{"embeddable":true,"href":"https:\/\/blogs.correiobraziliense.com.br\/capital-sa\/wp-json\/wp\/v2\/users\/125"}],"replies":[{"embeddable":true,"href":"https:\/\/blogs.correiobraziliense.com.br\/capital-sa\/wp-json\/wp\/v2\/comments?post=10444"}],"version-history":[{"count":10,"href":"https:\/\/blogs.correiobraziliense.com.br\/capital-sa\/wp-json\/wp\/v2\/posts\/10444\/revisions"}],"predecessor-version":[{"id":10468,"href":"https:\/\/blogs.correiobraziliense.com.br\/capital-sa\/wp-json\/wp\/v2\/posts\/10444\/revisions\/10468"}],"wp:featuredmedia":[{"embeddable":true,"href":"https:\/\/blogs.correiobraziliense.com.br\/capital-sa\/wp-json\/wp\/v2\/media\/10447"}],"wp:attachment":[{"href":"https:\/\/blogs.correiobraziliense.com.br\/capital-sa\/wp-json\/wp\/v2\/media?parent=10444"}],"wp:term":[{"taxonomy":"category","embeddable":true,"href":"https:\/\/blogs.correiobraziliense.com.br\/capital-sa\/wp-json\/wp\/v2\/categories?post=10444"},{"taxonomy":"post_tag","embeddable":true,"href":"https:\/\/blogs.correiobraziliense.com.br\/capital-sa\/wp-json\/wp\/v2\/tags?post=10444"}],"curies":[{"name":"wp","href":"https:\/\/api.w.org\/{rel}","templated":true}]}}